{"id":3152,"date":"2026-03-06T21:56:43","date_gmt":"2026-03-06T20:56:43","guid":{"rendered":"https:\/\/www.bildung.pl\/?p=3152"},"modified":"2026-03-15T14:58:07","modified_gmt":"2026-03-15T13:58:07","slug":"spotkanie-poswiecone-zmianom-prawnym-w-zakresie-organizacji-zajec-jezyka-mniejszosci-narodowej","status":"publish","type":"post","link":"https:\/\/www.bildung.pl\/de\/2026\/03\/06\/spotkanie-poswiecone-zmianom-prawnym-w-zakresie-organizacji-zajec-jezyka-mniejszosci-narodowej\/","title":{"rendered":"Treffen zu rechtlichen \u00c4nderungen im Bereich der Organisation Minderheitensprachenunterricht"},"content":{"rendered":"<p>Das Marschallamt der Woiwodschaft Oppeln, Abteilung f\u00fcr Bildung und Arbeitsmarkt, l\u00e4dt im Namen der stellvertretenden Marschallin der Woiwodschaft Oppeln, Frau Zuzanna Donath-Kasiura, die Schultr\u00e4ger, Schulleiter und Deutschlehrer der Grundschulen der Woiwodschaft Oppeln zu einem Informationstreffen ein, das sich mit den rechtlichen \u00c4nderungen im Bereich der Organisation des Unterrichts Deutsch als Minderheitensprache befasst. Das Treffen findet am 09.03.2026 um 9:00 Uhr im Saal des Wei\u00dfen Adlers (ul. Ostr\u00f3wek 5a, Opole) statt. Die Veranstaltung findet im Rahmen des Projekts \u201eOpolskie dla edukacji\u201c statt.<\/p>","protected":false},"excerpt":{"rendered":"<p>Das Marschallamt der Woiwodschaft Oppeln, Abteilung f\u00fcr Bildung und Arbeitsmarkt, l\u00e4dt im Namen der stellvertretenden Marschallin der Woiwodschaft Oppeln, Frau Zuzanna Donath-Kasiura, die Schultr\u00e4ger, Schulleiter und Deutschlehrer der Grundschulen der Woiwodschaft Oppeln zu einem Informationstreffen ein, das sich mit den rechtlichen \u00c4nderungen im Bereich der Organisation des Unterrichts Deutsch als Minderheitensprache befasst. Das Treffen findet [&hellip;]<\/p>\n","protected":false},"author":2,"featured_media":3153,"comment_status":"closed","ping_status":"closed","sticky":false,"template":"","format":"standard","meta":{"_expiration-date-status":"","_expiration-date":0,"_expiration-date-type":"","_expiration-date-categories":[],"_expiration-date-options":[]},"categories":[1,113],"tags":[],"_links":{"self":[{"href":"https:\/\/www.bildung.pl\/de\/wp-json\/wp\/v2\/posts\/3152"}],"collection":[{"href":"https:\/\/www.bildung.pl\/de\/wp-json\/wp\/v2\/posts"}],"about":[{"href":"https:\/\/www.bildung.pl\/de\/wp-json\/wp\/v2\/types\/post"}],"author":[{"embeddable":true,"href":"https:\/\/www.bildung.pl\/de\/wp-json\/wp\/v2\/users\/2"}],"replies":[{"embeddable":true,"href":"https:\/\/www.bildung.pl\/de\/wp-json\/wp\/v2\/comments?post=3152"}],"version-history":[{"count":1,"href":"https:\/\/www.bildung.pl\/de\/wp-json\/wp\/v2\/posts\/3152\/revisions"}],"predecessor-version":[{"id":3154,"href":"https:\/\/www.bildung.pl\/de\/wp-json\/wp\/v2\/posts\/3152\/revisions\/3154"}],"wp:featuredmedia":[{"embeddable":true,"href":"https:\/\/www.bildung.pl\/de\/wp-json\/wp\/v2\/media\/3153"}],"wp:attachment":[{"href":"https:\/\/www.bildung.pl\/de\/wp-json\/wp\/v2\/media?parent=3152"}],"wp:term":[{"taxonomy":"category","embeddable":true,"href":"https:\/\/www.bildung.pl\/de\/wp-json\/wp\/v2\/categories?post=3152"},{"taxonomy":"post_tag","embeddable":true,"href":"https:\/\/www.bildung.pl\/de\/wp-json\/wp\/v2\/tags?post=3152"}],"curies":[{"name":"wp","href":"https:\/\/api.w.org\/{rel}","templated":true}]}}