{"id":3116,"date":"2025-10-30T17:29:51","date_gmt":"2025-10-30T16:29:51","guid":{"rendered":"https:\/\/www.bildung.pl\/?p=3116"},"modified":"2026-01-06T17:40:43","modified_gmt":"2026-01-06T16:40:43","slug":"dofinansowanie-umwo","status":"publish","type":"post","link":"https:\/\/www.bildung.pl\/de\/2025\/10\/30\/dofinansowanie-umwo\/","title":{"rendered":"Finanzierung UMWO"},"content":{"rendered":"<p>Wir m\u00f6chten Sie h\u00f6flich dar\u00fcber informieren, dass wir am 30.10.2025 einen Vertrag mit dem Marschallamt der Woiwodschaft Oppeln \u00fcber die Durchf\u00fchrung einer \u00f6ffentlichen Aufgabe unterzeichnet haben: Entwicklung eines Lehrplans f\u00fcr Deutsch als Muttersprache einer nationalen Minderheit im Kindergarten \u2013 Beispielszenarien f\u00fcr den Unterricht.<\/p>\n<p>Vielen Dank f\u00fcr Ihre Unterst\u00fctzung!<\/p>","protected":false},"excerpt":{"rendered":"<p>Wir m\u00f6chten Sie h\u00f6flich dar\u00fcber informieren, dass wir am 30.10.2025 einen Vertrag mit dem Marschallamt der Woiwodschaft Oppeln \u00fcber die Durchf\u00fchrung einer \u00f6ffentlichen Aufgabe unterzeichnet haben: Entwicklung eines Lehrplans f\u00fcr Deutsch als Muttersprache einer nationalen Minderheit im Kindergarten \u2013 Beispielszenarien f\u00fcr den Unterricht. Vielen Dank f\u00fcr Ihre Unterst\u00fctzung!<\/p>\n","protected":false},"author":2,"featured_media":3117,"comment_status":"closed","ping_status":"closed","sticky":false,"template":"","format":"standard","meta":{"_expiration-date-status":"","_expiration-date":0,"_expiration-date-type":"","_expiration-date-categories":[],"_expiration-date-options":[]},"categories":[1],"tags":[],"_links":{"self":[{"href":"https:\/\/www.bildung.pl\/de\/wp-json\/wp\/v2\/posts\/3116"}],"collection":[{"href":"https:\/\/www.bildung.pl\/de\/wp-json\/wp\/v2\/posts"}],"about":[{"href":"https:\/\/www.bildung.pl\/de\/wp-json\/wp\/v2\/types\/post"}],"author":[{"embeddable":true,"href":"https:\/\/www.bildung.pl\/de\/wp-json\/wp\/v2\/users\/2"}],"replies":[{"embeddable":true,"href":"https:\/\/www.bildung.pl\/de\/wp-json\/wp\/v2\/comments?post=3116"}],"version-history":[{"count":1,"href":"https:\/\/www.bildung.pl\/de\/wp-json\/wp\/v2\/posts\/3116\/revisions"}],"predecessor-version":[{"id":3118,"href":"https:\/\/www.bildung.pl\/de\/wp-json\/wp\/v2\/posts\/3116\/revisions\/3118"}],"wp:featuredmedia":[{"embeddable":true,"href":"https:\/\/www.bildung.pl\/de\/wp-json\/wp\/v2\/media\/3117"}],"wp:attachment":[{"href":"https:\/\/www.bildung.pl\/de\/wp-json\/wp\/v2\/media?parent=3116"}],"wp:term":[{"taxonomy":"category","embeddable":true,"href":"https:\/\/www.bildung.pl\/de\/wp-json\/wp\/v2\/categories?post=3116"},{"taxonomy":"post_tag","embeddable":true,"href":"https:\/\/www.bildung.pl\/de\/wp-json\/wp\/v2\/tags?post=3116"}],"curies":[{"name":"wp","href":"https:\/\/api.w.org\/{rel}","templated":true}]}}