{"id":2924,"date":"2024-08-07T11:32:43","date_gmt":"2024-08-07T09:32:43","guid":{"rendered":"https:\/\/www.bildung.pl\/?p=2924"},"modified":"2024-08-07T11:35:40","modified_gmt":"2024-08-07T09:35:40","slug":"deutsch-online-deutschkurse-im-rahmen-des-projekts-lernraum-pl-ab-september","status":"publish","type":"post","link":"https:\/\/www.bildung.pl\/de\/2024\/08\/07\/deutsch-online-deutschkurse-im-rahmen-des-projekts-lernraum-pl-ab-september\/","title":{"rendered":"Online Deutschkurse im Rahmen des Projekts LernRAUM.pl ab September"},"content":{"rendered":"<p>Das Projekt LernRAUM.pl l\u00e4dt zu Online Deutschkursen ein, die von September bis Dezember durchf\u00fchren werden. F\u00fcr diejenigen, die ihre Deutschkenntnisse verbessern m\u00f6chten, haben wir ein umfangreiches Angebot zusammengestellt. Es erwarten Sie erfahrene und qualifizierte Kursleiter, kleine Gruppen und eine ausgezeichnete Atmosph\u00e4re im Unterricht. Der Kurs dauert 28 Stunden und kostet entsprechend:<\/p>\n<p>\u2013 f\u00fcr DFK Mitglieder: 120,00 PLN (Gesamtkurs)*;<\/p>\n<p>\u2013 f\u00fcr andere Personen: 260,00 PLN (Gesamtkurs).<\/p>\n<p>Ein detailliertes Angebot finden Sie auf der Website: <a href=\"https:\/\/www.lernraum.pl\">www.lernraum.pl<\/a> in der Rubrik Online-Sprachkurse: <a href=\"https:\/\/www.lernraum.pl\/kategorie\/online-kurse\/?orderby=date-asc\">https:\/\/www.lernraum.pl\/kategorie\/online-kurse\/?orderby=date-asc<\/a><\/p>\n<p>Die Online-Anmeldungen dauern bis zum 31.08.2024 und werden ausschlie\u00dflich durchgef\u00fchrt<br \/>\n\u00fcber die Website.<\/p>\n<p>Kontakt:<\/p>\n<p>Karolina Syga<\/p>\n<p>E-mail: karolina.syga@lernraum.pl<\/p>\n<p>Tel.: 503 721\u00a0658<\/p>\n<p><a href=\"https:\/\/www.bildung.pl\/2024\/08\/07\/deutsch-online-deutschkurse-im-rahmen-des-projekts-lernraum-pl-ab-september\/07-08-kursy-jezyka-niemieckiego-lernraum-pl-002\/\" rel=\"attachment wp-att-2925\"><img loading=\"lazy\" class=\"aligncenter wp-image-2925\" src=\"http:\/\/www.bildung.pl\/wp-content\/uploads\/2024\/08\/07.08-Kursy-jezyka-niemieckiego-LernRAUM.pl-002-300x169.png\" alt=\"\" width=\"609\" height=\"343\" srcset=\"https:\/\/www.bildung.pl\/wp-content\/uploads\/2024\/08\/07.08-Kursy-jezyka-niemieckiego-LernRAUM.pl-002-300x169.png 300w, https:\/\/www.bildung.pl\/wp-content\/uploads\/2024\/08\/07.08-Kursy-jezyka-niemieckiego-LernRAUM.pl-002-1024x576.png 1024w, https:\/\/www.bildung.pl\/wp-content\/uploads\/2024\/08\/07.08-Kursy-jezyka-niemieckiego-LernRAUM.pl-002-1536x864.png 1536w, https:\/\/www.bildung.pl\/wp-content\/uploads\/2024\/08\/07.08-Kursy-jezyka-niemieckiego-LernRAUM.pl-002-1600x900.png 1600w, https:\/\/www.bildung.pl\/wp-content\/uploads\/2024\/08\/07.08-Kursy-jezyka-niemieckiego-LernRAUM.pl-002-1000x563.png 1000w, https:\/\/www.bildung.pl\/wp-content\/uploads\/2024\/08\/07.08-Kursy-jezyka-niemieckiego-LernRAUM.pl-002-800x450.png 800w, https:\/\/www.bildung.pl\/wp-content\/uploads\/2024\/08\/07.08-Kursy-jezyka-niemieckiego-LernRAUM.pl-002-600x338.png 600w, https:\/\/www.bildung.pl\/wp-content\/uploads\/2024\/08\/07.08-Kursy-jezyka-niemieckiego-LernRAUM.pl-002-400x225.png 400w, https:\/\/www.bildung.pl\/wp-content\/uploads\/2024\/08\/07.08-Kursy-jezyka-niemieckiego-LernRAUM.pl-002.png 1920w\" sizes=\"(max-width: 609px) 100vw, 609px\" \/><\/a><\/p>\n<p>&nbsp;<\/p>\n<p>&nbsp;<\/p>","protected":false},"excerpt":{"rendered":"<p>Das Projekt LernRAUM.pl l\u00e4dt zu Online Deutschkursen ein, die von September bis Dezember durchf\u00fchren werden. F\u00fcr diejenigen, die ihre Deutschkenntnisse verbessern m\u00f6chten, haben wir ein umfangreiches Angebot zusammengestellt. Es erwarten Sie erfahrene und qualifizierte Kursleiter, kleine Gruppen und eine ausgezeichnete Atmosph\u00e4re im Unterricht. Der Kurs dauert 28 Stunden und kostet entsprechend: \u2013 f\u00fcr DFK Mitglieder: [&hellip;]<\/p>\n","protected":false},"author":2,"featured_media":0,"comment_status":"closed","ping_status":"closed","sticky":false,"template":"","format":"standard","meta":{"_expiration-date-status":"","_expiration-date":0,"_expiration-date-type":"","_expiration-date-categories":[],"_expiration-date-options":[]},"categories":[1],"tags":[],"_links":{"self":[{"href":"https:\/\/www.bildung.pl\/de\/wp-json\/wp\/v2\/posts\/2924"}],"collection":[{"href":"https:\/\/www.bildung.pl\/de\/wp-json\/wp\/v2\/posts"}],"about":[{"href":"https:\/\/www.bildung.pl\/de\/wp-json\/wp\/v2\/types\/post"}],"author":[{"embeddable":true,"href":"https:\/\/www.bildung.pl\/de\/wp-json\/wp\/v2\/users\/2"}],"replies":[{"embeddable":true,"href":"https:\/\/www.bildung.pl\/de\/wp-json\/wp\/v2\/comments?post=2924"}],"version-history":[{"count":4,"href":"https:\/\/www.bildung.pl\/de\/wp-json\/wp\/v2\/posts\/2924\/revisions"}],"predecessor-version":[{"id":2929,"href":"https:\/\/www.bildung.pl\/de\/wp-json\/wp\/v2\/posts\/2924\/revisions\/2929"}],"wp:attachment":[{"href":"https:\/\/www.bildung.pl\/de\/wp-json\/wp\/v2\/media?parent=2924"}],"wp:term":[{"taxonomy":"category","embeddable":true,"href":"https:\/\/www.bildung.pl\/de\/wp-json\/wp\/v2\/categories?post=2924"},{"taxonomy":"post_tag","embeddable":true,"href":"https:\/\/www.bildung.pl\/de\/wp-json\/wp\/v2\/tags?post=2924"}],"curies":[{"name":"wp","href":"https:\/\/api.w.org\/{rel}","templated":true}]}}