{"id":2919,"date":"2024-07-16T09:30:45","date_gmt":"2024-07-16T07:30:45","guid":{"rendered":"https:\/\/www.bildung.pl\/?p=2919"},"modified":"2024-07-16T09:35:00","modified_gmt":"2024-07-16T07:35:00","slug":"egzamin-kwalifikacyjny-niemieckiego-towarzystwa-oswiatowego-kolejny-termin","status":"publish","type":"post","link":"https:\/\/www.bildung.pl\/de\/2024\/07\/16\/egzamin-kwalifikacyjny-niemieckiego-towarzystwa-oswiatowego-kolejny-termin\/","title":{"rendered":"QUALIFIKATIONSPR\u00dcFUNG DER DEUTSCHEN BILDUNGSGESELLSCHAFT &#8211; N\u00c4CHSTER TERMIN"},"content":{"rendered":"<p>Sehr geehrte Damen und Herren,<\/p>\n<p>auf Ihre Anregung hin m\u00f6chten wir Sie auf eine weitere M\u00f6glichkeit hinweisen, die Eignungspr\u00fcfung der Deutschen Gesellschaft f\u00fcr Erziehungswissenschaft abzulegen, f\u00fcr die die bisherigen Termine nicht geeignet waren.<\/p>\n<p>Der n\u00e4chstm\u00f6gliche Termin ist:\u00a0 27.08.2024r. um 11.00 Uhr.<\/p>\n<p>Die Pr\u00fcfung findet unter der Adresse statt:\u00a0 Marii Konopnickiej 6, 45-004 Opole (4. Stock).<\/p>\n<p>Bewerbungen und Fragen senden Sie bitte an die folgende E-Mail-Adresse: dbg@bildung.pl.<\/p>\n<p>Am Tag der Pr\u00fcfung bringen Sie bitte das ausgef\u00fcllte Anmeldeformular in den Anh\u00e4ngen und ein Unterrichtsbeispiel in deutscher Sprache mit, das w\u00e4hrend der Pr\u00fcfung vorgelegt wird.<\/p>\n<p>Gleichzeitig m\u00f6chten wir darauf hinweisen, dass die Pr\u00fcfung mit der aktuellen Rechtsgrundlage \u00fcbereinstimmt:<\/p>\n<p>Verordnung des Ministers f\u00fcr nationale Bildung vom 1. August 2017 \u00fcber die spezifischen Qualifikationen von Lehrkr\u00e4ften<\/p>\n<p>https:\/\/isap.sejm.gov.pl\/isap.nsf\/download.xsp\/WDU20170001575\/O\/D20171575.pdf.<\/p>\n<p>Abs. 14 (1) Die Bef\u00e4higung, in Schulen, Kinderg\u00e4rten, Gruppen oder Abteilungen Klassen zu unterrichten oder zu leiten, die es Sch\u00fclern, die nationalen Minderheiten, ethnischen Minderheiten oder Gemeinschaften, die eine Regionalsprache sprechen, erm\u00f6glichen, ihr Gef\u00fchl der nationalen, ethnischen oder sprachlichen Identit\u00e4t zu bewahren, muss eine Person besitzen, die \u00fcber die in \u00a7 3 Abs. 1 und \u00a7 4 genannten Qualifikationen f\u00fcr die Position eines Lehrers verf\u00fcgt und dar\u00fcber hinaus die Sprache der nationalen Minderheit, der ethnischen Minderheit oder der Regionalsprache kennt, in der sie unterrichtet oder den Unterricht leitet.<\/p>\n<p>(2) Die in Absatz (1) genannten Sprachkenntnisse werden durch ein Diplom einer philologischen Hochschule mit dem Schwerpunkt einer bestimmten Fremdsprache, durch ein Diplom eines Fremdsprachenlehrerkollegs mit dem Schwerpunkt einer bestimmten Fremdsprache oder durch eine Bescheinigung \u00fcber die Kenntnis einer bestimmten Sprache best\u00e4tigt, die in den auf der Grundlage von Art. 11(3) des Gesetzes vom 6. Januar 2005 \u00fcber nationale und ethnische Minderheiten und Regionalsprachen (Gesetzblatt 2017, Pos. 823) ausgestellt wurde, oder eine Bescheinigung, die von einer sozialen Organisation einer nationalen Minderheit, ethnischen Minderheit oder Gemeinschaft, die eine Regionalsprache spricht, ausgestellt wurde.<\/p>\n<p><a href=\"https:\/\/view.officeapps.live.com\/op\/view.aspx?src=https%3A%2F%2Fskgd.pl%2Fwp-content%2Fuploads%2F2023%2F04%2FZalacznik-do-egzaminu.docx&amp;wdOrigin=BROWSELINK\">Zalacznik-do-egzaminu.docx (live.com)<\/a><\/p>\n<p>&nbsp;<\/p>\n<p>&nbsp;<\/p>","protected":false},"excerpt":{"rendered":"<p>Sehr geehrte Damen und Herren, auf Ihre Anregung hin m\u00f6chten wir Sie auf eine weitere M\u00f6glichkeit hinweisen, die Eignungspr\u00fcfung der Deutschen Gesellschaft f\u00fcr Erziehungswissenschaft abzulegen, f\u00fcr die die bisherigen Termine nicht geeignet waren. Der n\u00e4chstm\u00f6gliche Termin ist:\u00a0 27.08.2024r. um 11.00 Uhr. Die Pr\u00fcfung findet unter der Adresse statt:\u00a0 Marii Konopnickiej 6, 45-004 Opole (4. Stock). [&hellip;]<\/p>\n","protected":false},"author":2,"featured_media":0,"comment_status":"closed","ping_status":"closed","sticky":false,"template":"","format":"standard","meta":{"_expiration-date-status":"","_expiration-date":0,"_expiration-date-type":"","_expiration-date-categories":[],"_expiration-date-options":[]},"categories":[1],"tags":[],"_links":{"self":[{"href":"https:\/\/www.bildung.pl\/de\/wp-json\/wp\/v2\/posts\/2919"}],"collection":[{"href":"https:\/\/www.bildung.pl\/de\/wp-json\/wp\/v2\/posts"}],"about":[{"href":"https:\/\/www.bildung.pl\/de\/wp-json\/wp\/v2\/types\/post"}],"author":[{"embeddable":true,"href":"https:\/\/www.bildung.pl\/de\/wp-json\/wp\/v2\/users\/2"}],"replies":[{"embeddable":true,"href":"https:\/\/www.bildung.pl\/de\/wp-json\/wp\/v2\/comments?post=2919"}],"version-history":[{"count":2,"href":"https:\/\/www.bildung.pl\/de\/wp-json\/wp\/v2\/posts\/2919\/revisions"}],"predecessor-version":[{"id":2922,"href":"https:\/\/www.bildung.pl\/de\/wp-json\/wp\/v2\/posts\/2919\/revisions\/2922"}],"wp:attachment":[{"href":"https:\/\/www.bildung.pl\/de\/wp-json\/wp\/v2\/media?parent=2919"}],"wp:term":[{"taxonomy":"category","embeddable":true,"href":"https:\/\/www.bildung.pl\/de\/wp-json\/wp\/v2\/categories?post=2919"},{"taxonomy":"post_tag","embeddable":true,"href":"https:\/\/www.bildung.pl\/de\/wp-json\/wp\/v2\/tags?post=2919"}],"curies":[{"name":"wp","href":"https:\/\/api.w.org\/{rel}","templated":true}]}}