{"id":2810,"date":"2024-03-13T14:59:57","date_gmt":"2024-03-13T13:59:57","guid":{"rendered":"https:\/\/www.bildung.pl\/?p=2810"},"modified":"2024-03-13T15:03:27","modified_gmt":"2024-03-13T14:03:27","slug":"kalendarium-wydarzen-zaplanowanych-w-ramach-projektu-lernraum-pl-w-2024-r","status":"publish","type":"post","link":"https:\/\/www.bildung.pl\/de\/2024\/03\/13\/kalendarium-wydarzen-zaplanowanych-w-ramach-projektu-lernraum-pl-w-2024-r\/","title":{"rendered":"Veranstaltungskalender im Rahmen des Projekts LernRAUM.pl in 2024"},"content":{"rendered":"<p>LernRAUM.pl l\u00e4dt Sie ein, sich mit dem Kursangebot vertraut zu machen und davon Gebrauch zu machen, das auf die Entwicklung der Kompetenzen im Bereich der Kenntnisse der deutschen Sprache ausgerichtet ist. Unter den von uns angebotenen Veranstaltungen finden Sie eine gro\u00dfe Auswahl an Themen, u. a. Geschichte, Kultur, Kommunikation, Sprachunterricht, Tourismus, und Literatur. Dar\u00fcber hinaus bieten wir Veranstaltungen die sowohl online als auch pr\u00e4senz stattfinden,\u00a0so dass sicherlich jeder von Ihnen etwas f\u00fcr sich finden wird!<\/p>\n<p>Wir laden Sie herzlich ein!<\/p>\n<p>LernRAUM.pl l\u00e4dt Sie ein, sich mit dem Kursangebot vertraut zu machen und davon Gebrauch zu machen, das auf die Entwicklung der Kompetenzen im Bereich der Kenntnisse der deutschen Sprache ausgerichtet ist. Unter den von uns angebotenen Veranstaltungen finden Sie eine gro\u00dfe Auswahl an Themen, u. a. Geschichte, Kultur, Kommunikation, Sprachunterricht, Tourismus, und Literatur. Dar\u00fcber hinaus bieten wir Veranstaltungen die sowohl online als auch pr\u00e4senz stattfinden,\u00a0so dass sicherlich jeder von Ihnen etwas f\u00fcr sich finden wird!<\/p>\n<p>Wir laden Sie herzlich ein!<\/p>\n<p><a href=\"https:\/\/www.lernraum.pl\/wp-content\/uploads\/2024\/03\/Veranstaltungskalender_Kalendarium_2024.pdf\">Veranstaltungskalender Oktober-Dezember 2023 Kalendarium wydarze\u0144 pa\u017adziernik-grudzie\u0144 (lernraum.pl)<\/a><\/p>\n<p><a href=\"https:\/\/www.bildung.pl\/2024\/03\/13\/kalendarium-wydarzen-zaplanowanych-w-ramach-projektu-lernraum-pl-w-2024-r\/kalendarium-002\/\" rel=\"attachment wp-att-2811\"><img loading=\"lazy\" class=\"aligncenter  wp-image-2811\" src=\"http:\/\/www.bildung.pl\/wp-content\/uploads\/2024\/03\/Kalendarium-002-300x225.png\" alt=\"\" width=\"531\" height=\"398\" srcset=\"https:\/\/www.bildung.pl\/wp-content\/uploads\/2024\/03\/Kalendarium-002-300x225.png 300w, https:\/\/www.bildung.pl\/wp-content\/uploads\/2024\/03\/Kalendarium-002-1024x768.png 1024w, https:\/\/www.bildung.pl\/wp-content\/uploads\/2024\/03\/Kalendarium-002-1000x750.png 1000w, https:\/\/www.bildung.pl\/wp-content\/uploads\/2024\/03\/Kalendarium-002-800x600.png 800w, https:\/\/www.bildung.pl\/wp-content\/uploads\/2024\/03\/Kalendarium-002-600x450.png 600w, https:\/\/www.bildung.pl\/wp-content\/uploads\/2024\/03\/Kalendarium-002-400x300.png 400w, https:\/\/www.bildung.pl\/wp-content\/uploads\/2024\/03\/Kalendarium-002.png 1200w\" sizes=\"(max-width: 531px) 100vw, 531px\" \/><\/a><\/p>\n<p>&nbsp;<\/p>\n<p>&nbsp;<\/p>\n<p>&nbsp;<\/p>\n<p>&nbsp;<\/p>\n<p>&nbsp;<\/p>\n<p>&nbsp;<\/p>","protected":false},"excerpt":{"rendered":"<p>LernRAUM.pl l\u00e4dt Sie ein, sich mit dem Kursangebot vertraut zu machen und davon Gebrauch zu machen, das auf die Entwicklung der Kompetenzen im Bereich der Kenntnisse der deutschen Sprache ausgerichtet ist. Unter den von uns angebotenen Veranstaltungen finden Sie eine gro\u00dfe Auswahl an Themen, u. a. Geschichte, Kultur, Kommunikation, Sprachunterricht, Tourismus, und Literatur. Dar\u00fcber hinaus [&hellip;]<\/p>\n","protected":false},"author":2,"featured_media":0,"comment_status":"closed","ping_status":"closed","sticky":false,"template":"","format":"standard","meta":{"_expiration-date-status":"","_expiration-date":0,"_expiration-date-type":"","_expiration-date-categories":[],"_expiration-date-options":[]},"categories":[1],"tags":[],"_links":{"self":[{"href":"https:\/\/www.bildung.pl\/de\/wp-json\/wp\/v2\/posts\/2810"}],"collection":[{"href":"https:\/\/www.bildung.pl\/de\/wp-json\/wp\/v2\/posts"}],"about":[{"href":"https:\/\/www.bildung.pl\/de\/wp-json\/wp\/v2\/types\/post"}],"author":[{"embeddable":true,"href":"https:\/\/www.bildung.pl\/de\/wp-json\/wp\/v2\/users\/2"}],"replies":[{"embeddable":true,"href":"https:\/\/www.bildung.pl\/de\/wp-json\/wp\/v2\/comments?post=2810"}],"version-history":[{"count":2,"href":"https:\/\/www.bildung.pl\/de\/wp-json\/wp\/v2\/posts\/2810\/revisions"}],"predecessor-version":[{"id":2815,"href":"https:\/\/www.bildung.pl\/de\/wp-json\/wp\/v2\/posts\/2810\/revisions\/2815"}],"wp:attachment":[{"href":"https:\/\/www.bildung.pl\/de\/wp-json\/wp\/v2\/media?parent=2810"}],"wp:term":[{"taxonomy":"category","embeddable":true,"href":"https:\/\/www.bildung.pl\/de\/wp-json\/wp\/v2\/categories?post=2810"},{"taxonomy":"post_tag","embeddable":true,"href":"https:\/\/www.bildung.pl\/de\/wp-json\/wp\/v2\/tags?post=2810"}],"curies":[{"name":"wp","href":"https:\/\/api.w.org\/{rel}","templated":true}]}}