{"id":2711,"date":"2023-08-07T14:12:55","date_gmt":"2023-08-07T12:12:55","guid":{"rendered":"https:\/\/www.bildung.pl\/?p=2711"},"modified":"2023-08-07T14:13:28","modified_gmt":"2023-08-07T12:13:28","slug":"przypominamy-programy-nauczania-jezyka-niemieckiego-jako-mniejszosci-narodowej-do-klas-i-iii-oraz-iv-vi-szkoly-podstawowej-dostosowane-do-podstawy-programowej-z-dnia-1-sierpnia-2022-r","status":"publish","type":"post","link":"https:\/\/www.bildung.pl\/de\/2023\/08\/07\/przypominamy-programy-nauczania-jezyka-niemieckiego-jako-mniejszosci-narodowej-do-klas-i-iii-oraz-iv-vi-szkoly-podstawowej-dostosowane-do-podstawy-programowej-z-dnia-1-sierpnia-2022-r\/","title":{"rendered":"(Polski) PRZYPOMINAMY! Programy nauczania j\u0119zyka niemieckiego jako j\u0119zyka mniejszo\u015bci narodowej do klas I \u2013 III oraz IV- VI szko\u0142y podstawowej dostosowane do podstawy programowej, z dnia 1 sierpnia 2022 r."},"content":{"rendered":"<p class=\"qtranxs-available-languages-message qtranxs-available-languages-message-de\">Leider ist der Eintrag nur auf <a href=\"https:\/\/www.bildung.pl\/pl\/wp-json\/wp\/v2\/posts\/2711\" class=\"qtranxs-available-language-link qtranxs-available-language-link-pl\" title=\"Polski\">Polnisch<\/a> verf\u00fcgbar.<\/p>","protected":false},"excerpt":{"rendered":"<p>Leider ist der Eintrag nur auf Polnisch verf\u00fcgbar.<\/p>\n","protected":false},"author":2,"featured_media":0,"comment_status":"closed","ping_status":"closed","sticky":false,"template":"","format":"standard","meta":{"_expiration-date-status":"","_expiration-date":0,"_expiration-date-type":"","_expiration-date-categories":[],"_expiration-date-options":[]},"categories":[1],"tags":[],"_links":{"self":[{"href":"https:\/\/www.bildung.pl\/de\/wp-json\/wp\/v2\/posts\/2711"}],"collection":[{"href":"https:\/\/www.bildung.pl\/de\/wp-json\/wp\/v2\/posts"}],"about":[{"href":"https:\/\/www.bildung.pl\/de\/wp-json\/wp\/v2\/types\/post"}],"author":[{"embeddable":true,"href":"https:\/\/www.bildung.pl\/de\/wp-json\/wp\/v2\/users\/2"}],"replies":[{"embeddable":true,"href":"https:\/\/www.bildung.pl\/de\/wp-json\/wp\/v2\/comments?post=2711"}],"version-history":[{"count":0,"href":"https:\/\/www.bildung.pl\/de\/wp-json\/wp\/v2\/posts\/2711\/revisions"}],"wp:attachment":[{"href":"https:\/\/www.bildung.pl\/de\/wp-json\/wp\/v2\/media?parent=2711"}],"wp:term":[{"taxonomy":"category","embeddable":true,"href":"https:\/\/www.bildung.pl\/de\/wp-json\/wp\/v2\/categories?post=2711"},{"taxonomy":"post_tag","embeddable":true,"href":"https:\/\/www.bildung.pl\/de\/wp-json\/wp\/v2\/tags?post=2711"}],"curies":[{"name":"wp","href":"https:\/\/api.w.org\/{rel}","templated":true}]}}