{"id":2638,"date":"2022-08-29T10:05:41","date_gmt":"2022-08-29T08:05:41","guid":{"rendered":"http:\/\/www.bildung.pl\/?p=2638"},"modified":"2022-08-29T10:07:35","modified_gmt":"2022-08-29T08:07:35","slug":"spiewaczka-operowa-marta-wryk-i-kompozytor-tomasz-prasqual-zapraszaja-serdecznie-na-warsztaty-wokalno-kreatywne-dla-nauczycieli","status":"publish","type":"post","link":"https:\/\/www.bildung.pl\/de\/2022\/08\/29\/spiewaczka-operowa-marta-wryk-i-kompozytor-tomasz-prasqual-zapraszaja-serdecznie-na-warsztaty-wokalno-kreatywne-dla-nauczycieli\/","title":{"rendered":"\u015apiewaczka operowa Marta Wryk i kompozytor Tomasz Prasqual zapraszaj\u0105 serdecznie na warsztaty wokalno-kreatywne dla nauczycieli!"},"content":{"rendered":"<p>W czasie warsztat\u00f3w dowiedz\u0105 si\u0119 Pa\u0144stwo:<\/p>\n<p>-jak <strong>odkry\u0107 si\u0142\u0119 swojego g\u0142osu<\/strong> i wzmocni\u0107 jego wytrzyma\u0142o\u015b\u0107<\/p>\n<p>&#8211; jak urz\u0105dzi\u0107 sobie \u201e<strong>spa dla g\u0142osu\u201d<\/strong> i zadba\u0107 o jego higien\u0119 i regeneracj\u0119 po d\u0142ugich godzinach uczenia<\/p>\n<p>-jak wykorzysta\u0107 swoje <strong>ukryte talenty artystyczne <\/strong>(kt\u00f3re ma ka\u017cdy!), aby uczenie sta\u0142o si\u0119 procesem kreatywnym i dla Pa\u0144stwa, i dla uczni\u00f3w<\/p>\n<p>Poprzez szereg \u0107wicze\u0144 z elementami improwizacji, uwa\u017cnego ruchu oraz ta\u0144ca wsp\u00f3lnie z Pa\u0144stwem b\u0119dziemy odkrywa\u0107 <strong>potencja\u0142 artystyczny<\/strong>, kt\u00f3ry kryje si\u0119 w ka\u017cdym z nas i zastanowimy si\u0119, jak <strong>wykorzysta\u0107 go w uczeniu. <\/strong><\/p>\n<p>&nbsp;<\/p>\n<p>Nasze do\u015bwiadczenia z dziedziny edukacji poprzez sztuk\u0119 oraz coachingu m\u00f3wi\u0105 nam, \u017ce sztuka i kreatywno\u015b\u0107 oferuj\u0105 nam nie tylko doznania estetyczne i zabaw\u0119, ale tak\u017ce pomagaj\u0105 znajdowa\u0107 rozwi\u0105zania r\u00f3\u017cnorakich problem\u00f3w i my\u015ble\u0107 \u201eout of the box\u201d. Zach\u0119camy wi\u0119c Pa\u0144stwa serdecznie do zaproponowania nam konkretnych zagadnie\u0144, problem\u00f3w, czy pyta\u0144 zwi\u0105zanych z prac\u0105 pedagogiczn\u0105, nad kt\u00f3rymi mogliby\u015bmy si\u0119 w czasie warsztat\u00f3w jako grupa w spos\u00f3b kreatywny wsp\u00f3lnie popracowa\u0107. Mo\u017cna skontaktowa\u0107 si\u0119 z nami e-mailowo przed warsztatami (<a href=\"mailto:marta.wryk@gmail.com\">marta.wryk@gmail.com<\/a>) lub po prostu zg\u0142osi\u0107 interesuj\u0105ce Pa\u0144stwa zagadnienia ju\u017c w czasie warsztat\u00f3w.<\/p>\n<p>Warsztaty odb\u0119d\u0105 si\u0119 w siedzibie Niemieckiego Towarzystwa O\u015bwiatowego, ul. Marii Konopnickiej 6,<\/p>\n<p>(4 pi\u0119tro ), 45-004 w Opolu w sobot\u0119 <strong>10-go wrze\u015bnia<\/strong> \u00a0<strong>br <\/strong>w godzinach <strong>10.00-14.00.<\/strong> Wst\u0119p jest bezp\u0142atny, liczba miejsc jest ograniczona. Prosimy o potwierdzenie swojej obecno\u015bci poprzez wys\u0142anie e-maila na adresy: <a href=\"mailto:danuta.cholewa@bildung.pl\">danuta.cholewa@bildung.pl<\/a> lub <a href=\"mailto:sebastian.gerstenberg@bildung.pl\">sebastian.gerstenberg@bildung.pl<\/a> do dnia 08-go wrze\u015bnia.<\/p>\n<p>Warsztaty s\u0105 cz\u0119\u015bci\u0105 projektu artystyczno \u2013 edukacyjnego \u201eDas moderne M\u00e4del\u201d. Koncerty i warsztaty odbywaj\u0105 si\u0119 r\u00f3wnie\u017c w Warszawie, Sztynorcie, Opolu i Kolonii.<\/p>\n<p>&nbsp;<\/p>\n<p><img loading=\"lazy\" class=\"alignnone size-full wp-image-2639\" src=\"http:\/\/www.bildung.pl\/wp-content\/uploads\/2022\/08\/sponsor.jpg\" alt=\"\" width=\"1431\" height=\"169\" srcset=\"https:\/\/www.bildung.pl\/wp-content\/uploads\/2022\/08\/sponsor.jpg 1431w, https:\/\/www.bildung.pl\/wp-content\/uploads\/2022\/08\/sponsor-300x35.jpg 300w, https:\/\/www.bildung.pl\/wp-content\/uploads\/2022\/08\/sponsor-1024x121.jpg 1024w, https:\/\/www.bildung.pl\/wp-content\/uploads\/2022\/08\/sponsor-1000x118.jpg 1000w, https:\/\/www.bildung.pl\/wp-content\/uploads\/2022\/08\/sponsor-800x94.jpg 800w, https:\/\/www.bildung.pl\/wp-content\/uploads\/2022\/08\/sponsor-600x71.jpg 600w, https:\/\/www.bildung.pl\/wp-content\/uploads\/2022\/08\/sponsor-400x47.jpg 400w\" sizes=\"(max-width: 1431px) 100vw, 1431px\" \/><\/p>\n<p>&nbsp;<\/p>\n<p style=\"text-align: center;\"><strong>Marta Wryk i Tomasz Prasqual<\/strong><\/p>\n<p><img loading=\"lazy\" class=\"alignnone size-full wp-image-2640\" src=\"http:\/\/www.bildung.pl\/wp-content\/uploads\/2022\/08\/artysci.png\" alt=\"\" width=\"712\" height=\"277\" srcset=\"https:\/\/www.bildung.pl\/wp-content\/uploads\/2022\/08\/artysci.png 712w, https:\/\/www.bildung.pl\/wp-content\/uploads\/2022\/08\/artysci-300x117.png 300w, https:\/\/www.bildung.pl\/wp-content\/uploads\/2022\/08\/artysci-600x233.png 600w, https:\/\/www.bildung.pl\/wp-content\/uploads\/2022\/08\/artysci-400x156.png 400w\" sizes=\"(max-width: 712px) 100vw, 712px\" \/><\/p>\n<p>Mieszkaj\u0105cy w Kolonii mezzosopranistka Marta Wryk oraz kompozytor i pianista Tomasz<\/p>\n<p>Prasqual wsp\u00f3\u0142pracuj\u0105 jako duet muzyczny, w relacji kompozytor-\u015bpiewaczka oraz w wielu<\/p>\n<p>projektach z zakresu edukacji muzycznej. Poza licznymi wyst\u0119pami na scenach ca\u0142ej Europy arty\u015bci dziel\u0105 pasj\u0119 do edukacji i dzia\u0142alno\u015bci spo\u0142ecznej poprzez sztuk\u0119. Jako edukatorzy muzyczni wsp\u00f3lnie prowadzili projekty \u201eWie klingt Freiheit\u201d oraz \u201eSichtbare Stimmer\u201d na zlecenie Opery w Bonn, a tak\u017ce liczne warsztaty kreatywno\u015bci i improwizacji dla organizacji takich jak Krajowy Fundusz na Rzecz Dzieci, European University Alliance for Global Health, Fundacja Sztuka Wolno\u015bci. Arty\u015bci uwa\u017caj\u0105 bowiem, \u017ce misj\u0105 sztuki jest nie tylko komentowanie rzeczywisto\u015bci, ale tak\u017ce budzenie pasji i kreatywno\u015bci we wszystkich ludziach.<\/p>\n<p>Wi\u0119cej o artystach:<\/p>\n<blockquote class=\"wp-embedded-content\" data-secret=\"NwlPxBykn4\"><p><a href=\"https:\/\/www.martawryk.com\/projekty\/?lang=pl\">Projekty<\/a><\/p><\/blockquote>\n<p><iframe class=\"wp-embedded-content\" sandbox=\"allow-scripts\" security=\"restricted\" style=\"position: absolute; clip: rect(1px, 1px, 1px, 1px);\" title=\"&#8220;Projekty&#8221; &#8212; Marta Wryk\" src=\"https:\/\/www.martawryk.com\/projekty\/?lang=pl\/embed\/#?secret=yFssASM6v0#?secret=NwlPxBykn4\" data-secret=\"NwlPxBykn4\" width=\"600\" height=\"338\" frameborder=\"0\" marginwidth=\"0\" marginheight=\"0\" scrolling=\"no\"><\/iframe><\/p>\n<p>https:\/\/www.prasqual.org<\/p>\n<p>&nbsp;<\/p>\n","protected":false},"excerpt":{"rendered":"<p>W czasie warsztat\u00f3w dowiedz\u0105 si\u0119 Pa\u0144stwo: -jak odkry\u0107 si\u0142\u0119 swojego g\u0142osu i wzmocni\u0107 jego wytrzyma\u0142o\u015b\u0107 &#8211; jak urz\u0105dzi\u0107 sobie \u201espa dla g\u0142osu\u201d i zadba\u0107 o jego higien\u0119 i regeneracj\u0119 po d\u0142ugich godzinach uczenia -jak wykorzysta\u0107 swoje ukryte talenty artystyczne (kt\u00f3re ma ka\u017cdy!), aby uczenie sta\u0142o si\u0119 procesem kreatywnym i dla Pa\u0144stwa, i dla uczni\u00f3w Poprzez [&hellip;]<\/p>\n","protected":false},"author":1,"featured_media":2642,"comment_status":"closed","ping_status":"closed","sticky":false,"template":"","format":"standard","meta":{"_expiration-date-status":"","_expiration-date":0,"_expiration-date-type":"","_expiration-date-categories":[],"_expiration-date-options":[]},"categories":[1],"tags":[],"_links":{"self":[{"href":"https:\/\/www.bildung.pl\/de\/wp-json\/wp\/v2\/posts\/2638"}],"collection":[{"href":"https:\/\/www.bildung.pl\/de\/wp-json\/wp\/v2\/posts"}],"about":[{"href":"https:\/\/www.bildung.pl\/de\/wp-json\/wp\/v2\/types\/post"}],"author":[{"embeddable":true,"href":"https:\/\/www.bildung.pl\/de\/wp-json\/wp\/v2\/users\/1"}],"replies":[{"embeddable":true,"href":"https:\/\/www.bildung.pl\/de\/wp-json\/wp\/v2\/comments?post=2638"}],"version-history":[{"count":1,"href":"https:\/\/www.bildung.pl\/de\/wp-json\/wp\/v2\/posts\/2638\/revisions"}],"predecessor-version":[{"id":2641,"href":"https:\/\/www.bildung.pl\/de\/wp-json\/wp\/v2\/posts\/2638\/revisions\/2641"}],"wp:featuredmedia":[{"embeddable":true,"href":"https:\/\/www.bildung.pl\/de\/wp-json\/wp\/v2\/media\/2642"}],"wp:attachment":[{"href":"https:\/\/www.bildung.pl\/de\/wp-json\/wp\/v2\/media?parent=2638"}],"wp:term":[{"taxonomy":"category","embeddable":true,"href":"https:\/\/www.bildung.pl\/de\/wp-json\/wp\/v2\/categories?post=2638"},{"taxonomy":"post_tag","embeddable":true,"href":"https:\/\/www.bildung.pl\/de\/wp-json\/wp\/v2\/tags?post=2638"}],"curies":[{"name":"wp","href":"https:\/\/api.w.org\/{rel}","templated":true}]}}