{"id":2459,"date":"2021-12-17T17:50:29","date_gmt":"2021-12-17T16:50:29","guid":{"rendered":"http:\/\/www.bildung.pl\/?p=2459"},"modified":"2021-12-17T18:00:30","modified_gmt":"2021-12-17T17:00:30","slug":"21-grudnia-2021-online-warsztaty-hospitacyjne-dla-calych-klas","status":"publish","type":"post","link":"https:\/\/www.bildung.pl\/de\/2021\/12\/17\/21-grudnia-2021-online-warsztaty-hospitacyjne-dla-calych-klas\/","title":{"rendered":"Am 21. Dezember 2021 &#8211; online Vorschauunterricht f\u00fcr ganze Klassen"},"content":{"rendered":"<p><a href=\"http:\/\/www.bildung.pl\/2021\/12\/17\/21-grudnia-2021-online-warsztaty-hospitacyjne-dla-calych-klas\/swiateczna-hospitacja\/\" rel=\"attachment wp-att-2462\"><img loading=\"lazy\" class=\"aligncenter size-medium wp-image-2462\" src=\"http:\/\/www.bildung.pl\/wp-content\/uploads\/2021\/12\/Swiateczna-Hospitacja-300x169.png\" alt=\"\" width=\"300\" height=\"169\" srcset=\"https:\/\/www.bildung.pl\/wp-content\/uploads\/2021\/12\/Swiateczna-Hospitacja-300x169.png 300w, https:\/\/www.bildung.pl\/wp-content\/uploads\/2021\/12\/Swiateczna-Hospitacja-1024x577.png 1024w, https:\/\/www.bildung.pl\/wp-content\/uploads\/2021\/12\/Swiateczna-Hospitacja-1536x865.png 1536w, https:\/\/www.bildung.pl\/wp-content\/uploads\/2021\/12\/Swiateczna-Hospitacja-1597x900.png 1597w, https:\/\/www.bildung.pl\/wp-content\/uploads\/2021\/12\/Swiateczna-Hospitacja-1000x563.png 1000w, https:\/\/www.bildung.pl\/wp-content\/uploads\/2021\/12\/Swiateczna-Hospitacja-800x451.png 800w, https:\/\/www.bildung.pl\/wp-content\/uploads\/2021\/12\/Swiateczna-Hospitacja-600x338.png 600w, https:\/\/www.bildung.pl\/wp-content\/uploads\/2021\/12\/Swiateczna-Hospitacja-400x225.png 400w, https:\/\/www.bildung.pl\/wp-content\/uploads\/2021\/12\/Swiateczna-Hospitacja.png 1640w\" sizes=\"(max-width: 300px) 100vw, 300px\" \/><\/a>Wir m\u00f6chten Sie einladen, an dem innovativen Bildungsprojekt &#8222;Weihnachtstreffen&#8220; teilzunehmen.<\/p>\n<p>Das Projekt richtet sich an Sch\u00fclerinnen und Sch\u00fcler von Grundschulen (Klassen 1-8) und Oberstufe sowie an Deutschlehrerinnen und -lehrer. Es basiert auf einer innovativen Methode der Hospitalisierung, an der die Sch\u00fcler gemeinsam mit ihren Lehrern teilnehmen werden. Diese Form der Zusammenarbeit f\u00f6rdert die Erweiterung des Wissens und den Austausch von Ideen.<\/p>\n<p>Jeder Lehrer erh\u00e4lt eine Bescheinigung \u00fcber die Teilnahme an dem Projekt und ein Skript f\u00fcr eine Unterrichtsstunde, die er in seiner Schule durchf\u00fchren kann.<\/p>\n<p>&nbsp;<\/p>\n<p>TREFFEN WIR UNS AUF DER ZOOM-PLATTFORM.\u00a0 Jede Gruppe w\u00e4hlt ihren &#8222;Sprecher&#8220;, der im Namen der Gruppe verantwortlich ist. Detaillierte Anweisungen werden den Teilnehmern des Workshops zugesandt.<\/p>\n<p>Wir garantieren viel Spa\u00df und ein unvergessliches Erlebnis in unserem Online-Workshop.<\/p>\n<p>&nbsp;<\/p>\n<p>Der Workshop wird von Marie Robinski, Deutschlehrerin und ifa-Kulturmanagerin und Joanna Przyby\u0142owska, bekannte Trainerin von krk-vernetzt und Deutschlehrerin.<\/p>\n<p>&nbsp;<\/p>\n<p>Projektinitiatorin: Ma\u0142gorzata Bubik, MA Vorsitzende des PSNJN Katowice<\/p>\n<p>Veranstalter: Deutsche Bildungsgesellschaft\u00a0 und PSNJN\u00a0 Katowice<\/p>\n<p>&nbsp;<\/p>\n<p>Anmeldungen schicken Sie bitte bis 19.12.2021. an:<\/p>\n<p>bubik@psnjn.org<\/p>\n<p>&nbsp;<\/p>\n<p>21.12.2021 r. &#8211; Dienstag<\/p>\n<p>9:30 &#8211; 10:10 Uhr &#8211; von 1. bis 5. Klasse der Grundschule<\/p>\n<p>10:30 Uhr &#8211; 11:40 Uhr &#8211; Sch\u00fcler aus der 6., 7. und 8. Klasse der Grundschule<\/p>\n<p>12:00 &#8211; 13:10 &#8211; Oberstufe<\/p>\n<p>JEDE SCHULE KANN MAXIMAL 25 SCH\u00dcLER ANMELDEN!!!<\/p>\n<p><\/p>","protected":false},"excerpt":{"rendered":"<p>Wir m\u00f6chten Sie einladen, an dem innovativen Bildungsprojekt &#8222;Weihnachtstreffen&#8220; teilzunehmen. Das Projekt richtet sich an Sch\u00fclerinnen und Sch\u00fcler von Grundschulen (Klassen 1-8) und Oberstufe sowie an Deutschlehrerinnen und -lehrer. Es basiert auf einer innovativen Methode der Hospitalisierung, an der die Sch\u00fcler gemeinsam mit ihren Lehrern teilnehmen werden. Diese Form der Zusammenarbeit f\u00f6rdert die Erweiterung des [&hellip;]<\/p>\n","protected":false},"author":2,"featured_media":0,"comment_status":"closed","ping_status":"closed","sticky":false,"template":"","format":"standard","meta":{"_expiration-date-status":"saved","_expiration-date":0,"_expiration-date-type":"","_expiration-date-categories":[],"_expiration-date-options":[]},"categories":[1,112,113],"tags":[],"_links":{"self":[{"href":"https:\/\/www.bildung.pl\/de\/wp-json\/wp\/v2\/posts\/2459"}],"collection":[{"href":"https:\/\/www.bildung.pl\/de\/wp-json\/wp\/v2\/posts"}],"about":[{"href":"https:\/\/www.bildung.pl\/de\/wp-json\/wp\/v2\/types\/post"}],"author":[{"embeddable":true,"href":"https:\/\/www.bildung.pl\/de\/wp-json\/wp\/v2\/users\/2"}],"replies":[{"embeddable":true,"href":"https:\/\/www.bildung.pl\/de\/wp-json\/wp\/v2\/comments?post=2459"}],"version-history":[{"count":3,"href":"https:\/\/www.bildung.pl\/de\/wp-json\/wp\/v2\/posts\/2459\/revisions"}],"predecessor-version":[{"id":2463,"href":"https:\/\/www.bildung.pl\/de\/wp-json\/wp\/v2\/posts\/2459\/revisions\/2463"}],"wp:attachment":[{"href":"https:\/\/www.bildung.pl\/de\/wp-json\/wp\/v2\/media?parent=2459"}],"wp:term":[{"taxonomy":"category","embeddable":true,"href":"https:\/\/www.bildung.pl\/de\/wp-json\/wp\/v2\/categories?post=2459"},{"taxonomy":"post_tag","embeddable":true,"href":"https:\/\/www.bildung.pl\/de\/wp-json\/wp\/v2\/tags?post=2459"}],"curies":[{"name":"wp","href":"https:\/\/api.w.org\/{rel}","templated":true}]}}