{"id":1954,"date":"2021-03-29T14:27:35","date_gmt":"2021-03-29T12:27:35","guid":{"rendered":"http:\/\/www.bildung.pl\/?p=1954"},"modified":"2021-05-07T12:27:56","modified_gmt":"2021-05-07T10:27:56","slug":"komiks-z-serii-stad-do-przyszlosci-slaskie-zywoty-dostepny","status":"publish","type":"post","link":"https:\/\/www.bildung.pl\/de\/2021\/03\/29\/komiks-z-serii-stad-do-przyszlosci-slaskie-zywoty-dostepny\/","title":{"rendered":"Comic-Reihe \u201eAufbruch in die Zukunft. Schlesische Lebenswege\u201c verf\u00fcgbar!"},"content":{"rendered":"<p><strong>Unsere dreiteilige Comic-Reihe \u201eAufbruch in die Zukunft. Schlesische Lebenswege\u201c steht zur Verf\u00fcgung!<\/strong><\/p>\n<p>In den illustrierten Geschichten werden die spannenden und komplexen Lebenswege schlesischer \u201ePionierinnen\u201c und \u201ePioniere\u201c dargestellt und f\u00fcr den Deutschunterricht mit Aufgaben erg\u00e4nzt. Drei Comics stehen als Printexemplar auf Deutsch Verf\u00fcgung:<\/p>\n<p><img loading=\"lazy\" class=\"alignleft wp-image-1955 size-thumbnail\" src=\"http:\/\/www.bildung.pl\/wp-content\/uploads\/2021\/03\/image1-150x150.jpeg\" alt=\"\" width=\"150\" height=\"150\" srcset=\"https:\/\/www.bildung.pl\/wp-content\/uploads\/2021\/03\/image1-150x150.jpeg 150w, https:\/\/www.bildung.pl\/wp-content\/uploads\/2021\/03\/image1-100x100.jpeg 100w, https:\/\/www.bildung.pl\/wp-content\/uploads\/2021\/03\/image1-150x150@2x.jpeg 300w\" sizes=\"(max-width: 150px) 100vw, 150px\" \/><\/p>\n<ul>\n<li><strong>Von Breslau zum Mond<\/strong><\/li>\n<li><strong>Frau Doktor, bitte! \u2013 die Geschichte von Clara Immerwahr<\/strong><\/li>\n<li><strong>Grenzg\u00e4nger zwischen den Welten \u2013 Emin Pascha<\/strong><\/li>\n<\/ul>\n<p>Zudem gibt es alle Comics als PDF in deutscher sowie polnischer Sprachversion. Weitere Informationen auf unser Website unter <a href=\"http:\/\/www.bildung.pl\/de\/komiks\/\">www.bildung.pl\/de\/komiks<\/a><\/p>\n<p><strong>Mehr zur Comic-Reihe jetzt bei <a class=\"\" title=\"Schlesien Aktuell das Magazin (25.04.2021)\" href=\"https:\/\/radio.opole.pl\/535,32,schlesien-aktuell-das-magazin-25042021\">Schlesien Aktuell das Magazin (25.04.2021)<\/a> h\u00f6ren!<\/strong><\/p>\n<p>\u201eAufbruch in die Zukunft. Schlesische Lebenswege\u201c ist ein Kooperationsprojekt der Deutschen Bildungsgesellschaft, der Deutschen Sozial-Kulturellen Gesellschaft in Breslau und des Goethe-Instituts Krakau.<\/p>\n<p>Das Projekt wird mit finanziellen Mitteln des Ausw\u00e4rtigen Amtes der Bundesrepublik Deutschland durch das Institut f\u00fcr Auslandsbeziehungen (ifa) sowie das Goethe-Institut Krakau realisiert.<\/p>\n<p>&nbsp;<\/p>","protected":false},"excerpt":{"rendered":"<p>Unsere dreiteilige Comic-Reihe \u201eAufbruch in die Zukunft. Schlesische Lebenswege\u201c steht zur Verf\u00fcgung! In den illustrierten Geschichten werden die spannenden und komplexen Lebenswege schlesischer \u201ePionierinnen\u201c und \u201ePioniere\u201c dargestellt und f\u00fcr den Deutschunterricht mit Aufgaben erg\u00e4nzt. Drei Comics stehen als Printexemplar auf Deutsch Verf\u00fcgung: Von Breslau zum Mond Frau Doktor, bitte! \u2013 die Geschichte von Clara Immerwahr [&hellip;]<\/p>\n","protected":false},"author":2,"featured_media":1958,"comment_status":"closed","ping_status":"closed","sticky":false,"template":"","format":"standard","meta":{"_expiration-date-status":"saved","_expiration-date":0,"_expiration-date-type":"","_expiration-date-categories":[],"_expiration-date-options":[]},"categories":[1],"tags":[],"_links":{"self":[{"href":"https:\/\/www.bildung.pl\/de\/wp-json\/wp\/v2\/posts\/1954"}],"collection":[{"href":"https:\/\/www.bildung.pl\/de\/wp-json\/wp\/v2\/posts"}],"about":[{"href":"https:\/\/www.bildung.pl\/de\/wp-json\/wp\/v2\/types\/post"}],"author":[{"embeddable":true,"href":"https:\/\/www.bildung.pl\/de\/wp-json\/wp\/v2\/users\/2"}],"replies":[{"embeddable":true,"href":"https:\/\/www.bildung.pl\/de\/wp-json\/wp\/v2\/comments?post=1954"}],"version-history":[{"count":11,"href":"https:\/\/www.bildung.pl\/de\/wp-json\/wp\/v2\/posts\/1954\/revisions"}],"predecessor-version":[{"id":2122,"href":"https:\/\/www.bildung.pl\/de\/wp-json\/wp\/v2\/posts\/1954\/revisions\/2122"}],"wp:featuredmedia":[{"embeddable":true,"href":"https:\/\/www.bildung.pl\/de\/wp-json\/wp\/v2\/media\/1958"}],"wp:attachment":[{"href":"https:\/\/www.bildung.pl\/de\/wp-json\/wp\/v2\/media?parent=1954"}],"wp:term":[{"taxonomy":"category","embeddable":true,"href":"https:\/\/www.bildung.pl\/de\/wp-json\/wp\/v2\/categories?post=1954"},{"taxonomy":"post_tag","embeddable":true,"href":"https:\/\/www.bildung.pl\/de\/wp-json\/wp\/v2\/tags?post=1954"}],"curies":[{"name":"wp","href":"https:\/\/api.w.org\/{rel}","templated":true}]}}