{"id":1575,"date":"2020-09-09T08:39:15","date_gmt":"2020-09-09T06:39:15","guid":{"rendered":"http:\/\/www.bildung.pl\/?p=1575"},"modified":"2020-09-30T09:36:09","modified_gmt":"2020-09-30T07:36:09","slug":"walne-zgromadzenie-czlonkow-stowarzyszenia","status":"publish","type":"post","link":"https:\/\/www.bildung.pl\/de\/2020\/09\/09\/walne-zgromadzenie-czlonkow-stowarzyszenia\/","title":{"rendered":"Mitgliederversammlung der Deutschen Bildungsgesellschaft am 22.09.2020."},"content":{"rendered":"<p><span class=\"tlid-translation translation\" lang=\"de\"><span class=\"\" title=\"\">Einberufen f\u00fcr den 22. September 2020 um 18.15 Uhr.<\/span><\/span><\/p>\n<h3>Die folgende Tagesordnung ist vorgesehen:<\/h3>\n<ol>\n<li>Er\u00f6ffnung der Sitzung und Begr\u00fc\u00dfung der Mitglieder durch den Vorsitzenden der DBG<\/li>\n<li>Wahl des\/der Leiter\/in der Mitgliederversammlung<\/li>\n<li>Annahme der Tagesordnung.<\/li>\n<li>Wahl des\/der Protokollanten\/in, der Mitglieder der Aussch\u00fcsse<\/li>\n<li>Feststellung der <em>Beschlussf\u00e4higkei<\/em><em>t<\/em> der Mitgliederversammlung<\/li>\n<li>Bericht \u00fcber die T\u00e4tigkeit der Deutschen Bildungsgesellschaft f\u00fcr das Jahr 2019<\/li>\n<li>Bericht \u00fcber die T\u00e4tigkeit des Oppelner Lehrerfortbildungszentrums f\u00fcr das Jahr 2019<\/li>\n<li>Finanzbericht f\u00fcr das Jahr 2019<\/li>\n<li>Bericht der Revisionskommission f\u00fcr das Jahr 2019<\/li>\n<li>Vorstellung des Arbeitsprogramms f\u00fcr das Jahr 2020<\/li>\n<li>Diskussion \u00fcber die Berichte und das Arbeitsprogramm der DBG<\/li>\n<li>Beschl\u00fcsse:<\/li>\n<li>Aktuelles-Diskussion<\/li>\n<li>Schlusswort des Vorsitzenden<\/li>\n<\/ol>\n<p>&nbsp;<\/p>\n<p>Wir m\u00f6chten darauf hinweisen, dass bei Nichterf\u00fcllung des Quorums die Sitzung zu einem sp\u00e4teren Zeitpunkt beginnen wird. Dies bedeutet, dass das Treffen\u00a0 am 22.09.2019, um 18.30 stattfindet.<\/p>","protected":false},"excerpt":{"rendered":"<p>Einberufen f\u00fcr den 22. September 2020 um 18.15 Uhr. Die folgende Tagesordnung ist vorgesehen: Er\u00f6ffnung der Sitzung und Begr\u00fc\u00dfung der Mitglieder durch den Vorsitzenden der DBG Wahl des\/der Leiter\/in der Mitgliederversammlung Annahme der Tagesordnung. Wahl des\/der Protokollanten\/in, der Mitglieder der Aussch\u00fcsse Feststellung der Beschlussf\u00e4higkeit der Mitgliederversammlung Bericht \u00fcber die T\u00e4tigkeit der Deutschen Bildungsgesellschaft f\u00fcr das [&hellip;]<\/p>\n","protected":false},"author":2,"featured_media":0,"comment_status":"closed","ping_status":"closed","sticky":false,"template":"","format":"standard","meta":{"_expiration-date-status":"saved","_expiration-date":0,"_expiration-date-type":"","_expiration-date-categories":[],"_expiration-date-options":[]},"categories":[1],"tags":[],"_links":{"self":[{"href":"https:\/\/www.bildung.pl\/de\/wp-json\/wp\/v2\/posts\/1575"}],"collection":[{"href":"https:\/\/www.bildung.pl\/de\/wp-json\/wp\/v2\/posts"}],"about":[{"href":"https:\/\/www.bildung.pl\/de\/wp-json\/wp\/v2\/types\/post"}],"author":[{"embeddable":true,"href":"https:\/\/www.bildung.pl\/de\/wp-json\/wp\/v2\/users\/2"}],"replies":[{"embeddable":true,"href":"https:\/\/www.bildung.pl\/de\/wp-json\/wp\/v2\/comments?post=1575"}],"version-history":[{"count":3,"href":"https:\/\/www.bildung.pl\/de\/wp-json\/wp\/v2\/posts\/1575\/revisions"}],"predecessor-version":[{"id":1613,"href":"https:\/\/www.bildung.pl\/de\/wp-json\/wp\/v2\/posts\/1575\/revisions\/1613"}],"wp:attachment":[{"href":"https:\/\/www.bildung.pl\/de\/wp-json\/wp\/v2\/media?parent=1575"}],"wp:term":[{"taxonomy":"category","embeddable":true,"href":"https:\/\/www.bildung.pl\/de\/wp-json\/wp\/v2\/categories?post=1575"},{"taxonomy":"post_tag","embeddable":true,"href":"https:\/\/www.bildung.pl\/de\/wp-json\/wp\/v2\/tags?post=1575"}],"curies":[{"name":"wp","href":"https:\/\/api.w.org\/{rel}","templated":true}]}}