{"id":1439,"date":"2020-06-25T13:38:34","date_gmt":"2020-06-25T11:38:34","guid":{"rendered":"http:\/\/www.bildung.pl\/?p=1439"},"modified":"2020-06-25T13:46:09","modified_gmt":"2020-06-25T11:46:09","slug":"nowe-programy-nauczania-jezyka-niemieckiego-jako-jezyka-mniejszosci-narodowej","status":"publish","type":"post","link":"https:\/\/www.bildung.pl\/de\/2020\/06\/25\/nowe-programy-nauczania-jezyka-niemieckiego-jako-jezyka-mniejszosci-narodowej\/","title":{"rendered":"Neue Lehrb\u00fccher f\u00fcr Deutsch als Minderheitensprache"},"content":{"rendered":"<p>Wir m\u00f6chten Sie informieren, dass die folgenden Lehrb\u00fccher zum Unterrichten von Deutsch als Minderheitensprache <span class=\"tlid-translation translation\" lang=\"de\"><span class=\"\" title=\"\">f\u00fcr alle interessieren Lehrer zur freien Nutzung zugelassen<\/span><\/span> <span class=\"tlid-translation translation\" lang=\"de\"><span class=\"\" title=\"\">sind: <\/span><\/span><\/p>\n<p><strong>1. Ab in die Kinderwelt dla klas 1-3 autorstwa Iwony Bregu\u0142a \u2013 Hanysek, Katarzyny Kr\u00f3l, Ma\u0142gorzaty Paszkowiak i Justyny Stysiek<\/strong><br \/>\n<strong>2. Chill mit Deutsch dla klas 4-6 autorstwa Iwony Bregu\u0142a \u2013Hanysek, Ma\u0142gorzaty Paszkowiak i Barbary Chy\u0142ka<\/strong><br \/>\n<strong>3. Autorski Program nauczania do zaj\u0119\u0107 W\u0142asnej Historii i Kultury w klasach 5-6 szko\u0142y podstawowej autorstwa Agaty Makioli<\/strong><\/p>","protected":false},"excerpt":{"rendered":"<p>Wir m\u00f6chten Sie informieren, dass die folgenden Lehrb\u00fccher zum Unterrichten von Deutsch als Minderheitensprache f\u00fcr alle interessieren Lehrer zur freien Nutzung zugelassen sind: 1. Ab in die Kinderwelt dla klas 1-3 autorstwa Iwony Bregu\u0142a \u2013 Hanysek, Katarzyny Kr\u00f3l, Ma\u0142gorzaty Paszkowiak i Justyny Stysiek 2. Chill mit Deutsch dla klas 4-6 autorstwa Iwony Bregu\u0142a \u2013Hanysek, Ma\u0142gorzaty [&hellip;]<\/p>\n","protected":false},"author":2,"featured_media":0,"comment_status":"closed","ping_status":"closed","sticky":false,"template":"","format":"standard","meta":{"_expiration-date-status":"saved","_expiration-date":0,"_expiration-date-type":"","_expiration-date-categories":[],"_expiration-date-options":[]},"categories":[1],"tags":[],"_links":{"self":[{"href":"https:\/\/www.bildung.pl\/de\/wp-json\/wp\/v2\/posts\/1439"}],"collection":[{"href":"https:\/\/www.bildung.pl\/de\/wp-json\/wp\/v2\/posts"}],"about":[{"href":"https:\/\/www.bildung.pl\/de\/wp-json\/wp\/v2\/types\/post"}],"author":[{"embeddable":true,"href":"https:\/\/www.bildung.pl\/de\/wp-json\/wp\/v2\/users\/2"}],"replies":[{"embeddable":true,"href":"https:\/\/www.bildung.pl\/de\/wp-json\/wp\/v2\/comments?post=1439"}],"version-history":[{"count":2,"href":"https:\/\/www.bildung.pl\/de\/wp-json\/wp\/v2\/posts\/1439\/revisions"}],"predecessor-version":[{"id":1441,"href":"https:\/\/www.bildung.pl\/de\/wp-json\/wp\/v2\/posts\/1439\/revisions\/1441"}],"wp:attachment":[{"href":"https:\/\/www.bildung.pl\/de\/wp-json\/wp\/v2\/media?parent=1439"}],"wp:term":[{"taxonomy":"category","embeddable":true,"href":"https:\/\/www.bildung.pl\/de\/wp-json\/wp\/v2\/categories?post=1439"},{"taxonomy":"post_tag","embeddable":true,"href":"https:\/\/www.bildung.pl\/de\/wp-json\/wp\/v2\/tags?post=1439"}],"curies":[{"name":"wp","href":"https:\/\/api.w.org\/{rel}","templated":true}]}}