{"id":3002,"date":"2025-06-12T09:09:39","date_gmt":"2025-06-12T07:09:39","guid":{"rendered":"https:\/\/www.bildung.pl\/?p=3002"},"modified":"2025-06-12T09:30:05","modified_gmt":"2025-06-12T07:30:05","slug":"seminarium-dla-nauczycieli-i-osob-z-sektora-kultury-ktore-odbedzie-sie-w-niemczech-w-bonn-konigswinter","status":"publish","type":"post","link":"http:\/\/www.bildung.pl\/de\/2025\/06\/12\/seminarium-dla-nauczycieli-i-osob-z-sektora-kultury-ktore-odbedzie-sie-w-niemczech-w-bonn-konigswinter\/","title":{"rendered":"Seminar f\u00fcr Lehrer und Kulturschaffende in Deutschland in Bonn-K\u00f6nigswinter."},"content":{"rendered":"<p><\/p>\n<header class=\"postSingle-header\"><strong>Bis zum 18. Juni 2025<\/strong> <strong>kann man sich f\u00fcr ein Seminar f\u00fcr Lehrer und Kulturschaffende<\/strong><strong>in <\/strong><strong>Deutschland in Bonn-K\u00f6nigswinter anmelden.<\/strong><\/p>\n<\/header>\n<div class=\"postContent bodyCopy entry-content clearfix\">\n<p><strong>Preis: 200 EURO einschlie\u00dflich Reise und Unterkunft, <\/strong><\/p>\n<p><strong>Termin: 20-24.August.2025<\/strong><\/p>\n<p><strong>Veranstalter:\u00a0 <em><span style=\"color: #333399;\">HAUS SCHLESIEN Deutsches Kultur- und Bildungszentrum e.V.<\/span><\/em><\/strong><\/p>\n<p><strong><em><span style=\"color: #333399;\">KULTUR \u2013 BILDUNG \u2013 VERANSTALTUNGEN \u2013 HOTEL \u2013 RESTAURANT<\/span><\/em><\/strong><\/p>\n<p><strong><em><span style=\"color: #333399;\">Dollendorfer Str. 412 | 53639 K\u00f6nigswinter-Heisterbacherrott<\/span><\/em><\/strong><br \/>\n<strong><em><span style=\"color: #333399;\">Tel. +49 (0) 22 44 886-234<\/span><\/em><\/strong><\/p>\n<p><strong><span style=\"color: #0000ff;\">E-Mail-Anmeldung<\/span><span style=\"color: #0000ff;\">:<\/span> Adam Wojtala: <a href=\"mailto:wojtala@hausschlesien.de\">wojtala@hausschlesien.de<\/a><\/strong><\/p>\n<p><strong><a href=\"https:\/\/www.bildung.pl\/2025\/06\/12\/seminarium-dla-nauczycieli-i-osob-z-sektora-kultury-ktore-odbedzie-sie-w-niemczech-w-bonn-konigswinter\/lehrerseminar-entwurf-2025-2-2\/\" rel=\"attachment wp-att-3003\">Lehrerseminar-Entwurf 2025 (2)<\/a><\/strong><\/p>\n<p>&nbsp;<\/p>\n<\/div>\n<footer class=\"postFooter postFooter--single\">\n<div class=\"postFooter-share\">\n<div class=\"a2a_kit a2a_kit_size_32 addtoany_list\" data-a2a-url=\"https:\/\/www.bildung.pl\/?p=3002\" data-a2a-title=\"Seminarium dla nauczycieli i os\u00f3b z sektora kultury,\u00a0kt\u00f3re odb\u0119dzie si\u0119 w Niemczech w Bonn-K\u00f6nigswinter\"><\/div>\n<\/div>\n<\/footer>\n<p><\/p>","protected":false},"excerpt":{"rendered":"<p>Bis zum 18. Juni 2025 kann man sich f\u00fcr ein Seminar f\u00fcr Lehrer und Kulturschaffendein Deutschland in Bonn-K\u00f6nigswinter anmelden. Preis: 200 EURO einschlie\u00dflich Reise und Unterkunft, Termin: 20-24.August.2025 Veranstalter:\u00a0 HAUS SCHLESIEN Deutsches Kultur- und Bildungszentrum e.V. KULTUR \u2013 BILDUNG \u2013 VERANSTALTUNGEN \u2013 HOTEL \u2013 RESTAURANT Dollendorfer Str. 412 | 53639 K\u00f6nigswinter-Heisterbacherrott Tel. +49 (0) 22 [&hellip;]<\/p>\n","protected":false},"author":2,"featured_media":0,"comment_status":"closed","ping_status":"closed","sticky":false,"template":"","format":"standard","meta":{"_expiration-date-status":"","_expiration-date":0,"_expiration-date-type":"","_expiration-date-categories":[],"_expiration-date-options":[]},"categories":[1],"tags":[],"_links":{"self":[{"href":"http:\/\/www.bildung.pl\/de\/wp-json\/wp\/v2\/posts\/3002"}],"collection":[{"href":"http:\/\/www.bildung.pl\/de\/wp-json\/wp\/v2\/posts"}],"about":[{"href":"http:\/\/www.bildung.pl\/de\/wp-json\/wp\/v2\/types\/post"}],"author":[{"embeddable":true,"href":"http:\/\/www.bildung.pl\/de\/wp-json\/wp\/v2\/users\/2"}],"replies":[{"embeddable":true,"href":"http:\/\/www.bildung.pl\/de\/wp-json\/wp\/v2\/comments?post=3002"}],"version-history":[{"count":5,"href":"http:\/\/www.bildung.pl\/de\/wp-json\/wp\/v2\/posts\/3002\/revisions"}],"predecessor-version":[{"id":3007,"href":"http:\/\/www.bildung.pl\/de\/wp-json\/wp\/v2\/posts\/3002\/revisions\/3007"}],"wp:attachment":[{"href":"http:\/\/www.bildung.pl\/de\/wp-json\/wp\/v2\/media?parent=3002"}],"wp:term":[{"taxonomy":"category","embeddable":true,"href":"http:\/\/www.bildung.pl\/de\/wp-json\/wp\/v2\/categories?post=3002"},{"taxonomy":"post_tag","embeddable":true,"href":"http:\/\/www.bildung.pl\/de\/wp-json\/wp\/v2\/tags?post=3002"}],"curies":[{"name":"wp","href":"https:\/\/api.w.org\/{rel}","templated":true}]}}