{"id":2931,"date":"2024-08-26T10:29:04","date_gmt":"2024-08-26T08:29:04","guid":{"rendered":"https:\/\/www.bildung.pl\/?p=2931"},"modified":"2024-08-29T13:11:48","modified_gmt":"2024-08-29T11:11:48","slug":"nowa-podstawa-programowa-a-programy-nauczania","status":"publish","type":"post","link":"http:\/\/www.bildung.pl\/de\/2024\/08\/26\/nowa-podstawa-programowa-a-programy-nauczania\/","title":{"rendered":"Das neue Kerncurriculum und die Lehrpl\u00e4ne"},"content":{"rendered":"<p>Aufgrund Ihrer zahlreichen Anfragen m\u00f6chten wir Sie dar\u00fcber informieren, dass ab September 2024 ein neuer Kernlehrplan f\u00fcr das Fach Deutsch als Minderheitensprache in Kraft treten wird. Obwohl wir zum Unterricht von Deutsch als Minderheitensprache im Ausma\u00df von 3 Unterrichtsstunden zur\u00fcckkehren, wurde der Kernlehrplan leicht ver\u00e4ndert.<\/p>\n<p>Das Team der Deutschen Bildungsgesellschaft arbeitet bereits an der Beschaffung von Mitteln f\u00fcr die Erstellung neuer Lehrpl\u00e4ne f\u00fcr die Klassen 1-3 und 4-6 der Grundschule. Wir hoffen, die oben genannten Lehrpl\u00e4ne in naher Zukunft auf unserer Website zum kostenlosen Download bereitstellen zu k\u00f6nnen.<\/p>\n<p><a href=\"https:\/\/www.bildung.pl\/2024\/08\/26\/nowa-podstawa-programowa-a-programy-nauczania\/cropped-favicon-png\/\" rel=\"attachment wp-att-2685\"><img loading=\"lazy\" class=\"aligncenter size-medium wp-image-2685\" src=\"http:\/\/www.bildung.pl\/wp-content\/uploads\/2023\/07\/cropped-favicon-300x300.png\" alt=\"\" width=\"300\" height=\"300\" srcset=\"http:\/\/www.bildung.pl\/wp-content\/uploads\/2023\/07\/cropped-favicon-150x150@2x.png 300w, http:\/\/www.bildung.pl\/wp-content\/uploads\/2023\/07\/cropped-favicon-150x150.png 150w, http:\/\/www.bildung.pl\/wp-content\/uploads\/2023\/07\/cropped-favicon-400x400.png 400w, http:\/\/www.bildung.pl\/wp-content\/uploads\/2023\/07\/cropped-favicon-100x100.png 100w, http:\/\/www.bildung.pl\/wp-content\/uploads\/2023\/07\/cropped-favicon-270x270.png 270w, http:\/\/www.bildung.pl\/wp-content\/uploads\/2023\/07\/cropped-favicon-192x192.png 192w, http:\/\/www.bildung.pl\/wp-content\/uploads\/2023\/07\/cropped-favicon-180x180.png 180w, http:\/\/www.bildung.pl\/wp-content\/uploads\/2023\/07\/cropped-favicon-32x32.png 32w, http:\/\/www.bildung.pl\/wp-content\/uploads\/2023\/07\/cropped-favicon.png 512w\" sizes=\"(max-width: 300px) 100vw, 300px\" \/><\/a><\/p>","protected":false},"excerpt":{"rendered":"<p>Aufgrund Ihrer zahlreichen Anfragen m\u00f6chten wir Sie dar\u00fcber informieren, dass ab September 2024 ein neuer Kernlehrplan f\u00fcr das Fach Deutsch als Minderheitensprache in Kraft treten wird. Obwohl wir zum Unterricht von Deutsch als Minderheitensprache im Ausma\u00df von 3 Unterrichtsstunden zur\u00fcckkehren, wurde der Kernlehrplan leicht ver\u00e4ndert. Das Team der Deutschen Bildungsgesellschaft arbeitet bereits an der Beschaffung [&hellip;]<\/p>\n","protected":false},"author":2,"featured_media":0,"comment_status":"closed","ping_status":"closed","sticky":false,"template":"","format":"standard","meta":{"_expiration-date-status":"","_expiration-date":0,"_expiration-date-type":"","_expiration-date-categories":[],"_expiration-date-options":[]},"categories":[1],"tags":[],"_links":{"self":[{"href":"http:\/\/www.bildung.pl\/de\/wp-json\/wp\/v2\/posts\/2931"}],"collection":[{"href":"http:\/\/www.bildung.pl\/de\/wp-json\/wp\/v2\/posts"}],"about":[{"href":"http:\/\/www.bildung.pl\/de\/wp-json\/wp\/v2\/types\/post"}],"author":[{"embeddable":true,"href":"http:\/\/www.bildung.pl\/de\/wp-json\/wp\/v2\/users\/2"}],"replies":[{"embeddable":true,"href":"http:\/\/www.bildung.pl\/de\/wp-json\/wp\/v2\/comments?post=2931"}],"version-history":[{"count":1,"href":"http:\/\/www.bildung.pl\/de\/wp-json\/wp\/v2\/posts\/2931\/revisions"}],"predecessor-version":[{"id":2938,"href":"http:\/\/www.bildung.pl\/de\/wp-json\/wp\/v2\/posts\/2931\/revisions\/2938"}],"wp:attachment":[{"href":"http:\/\/www.bildung.pl\/de\/wp-json\/wp\/v2\/media?parent=2931"}],"wp:term":[{"taxonomy":"category","embeddable":true,"href":"http:\/\/www.bildung.pl\/de\/wp-json\/wp\/v2\/categories?post=2931"},{"taxonomy":"post_tag","embeddable":true,"href":"http:\/\/www.bildung.pl\/de\/wp-json\/wp\/v2\/tags?post=2931"}],"curies":[{"name":"wp","href":"https:\/\/api.w.org\/{rel}","templated":true}]}}