{"id":2843,"date":"2024-04-02T10:29:01","date_gmt":"2024-04-02T08:29:01","guid":{"rendered":"https:\/\/www.bildung.pl\/?p=2843"},"modified":"2024-04-02T10:32:38","modified_gmt":"2024-04-02T08:32:38","slug":"wiosenny-koncert-muzyki-klasycznej-i-popularnej","status":"publish","type":"post","link":"http:\/\/www.bildung.pl\/de\/2024\/04\/02\/wiosenny-koncert-muzyki-klasycznej-i-popularnej\/","title":{"rendered":"Fr\u00fchlingskonzert mit klassischer und popul\u00e4rer Musik"},"content":{"rendered":"<p><strong>Die \u00d6ffentliche E. Smo\u0142ka-Woiwodschaftsbibliothek in Opole<\/strong><\/p>\n<p>gemeinsam mit<\/p>\n<p><strong>der Deutschen Bildungsgesellschaft <\/strong><\/p>\n<p>laden Sie herzlich zu einem Fr\u00fchlingskonzert mit klassischer und popul\u00e4rer Musik ein. Auftreten wird das Landesblasorchester des Blasmusikverbandes Th\u00fcringen e.V. unter der Leitung von Steffen Weber-Freytag.<\/p>\n<p>Im Programm stehen Werke von Komponisten wie Felix Mendelssohn, Kurt G\u00e4ble oder Ernesto Lecuon, aber auch ausgew\u00e4hlte St\u00fccke von Film- und Popmusik. Das Konzert leitet Waldemar Gielzok, Vorsitzender der Deutschen Bildungsgesellschaft.<\/p>\n<p><strong>Wir laden Sie ein am 6. April 2024 um 14:00 Uhr zum Zelt der Woiwodschaftsbibliothek in der ul. Piastowska 18-20 in Opole. Der Eintritt ist frei. Wir freuen uns auf Sie!<\/strong><\/p>\n<p><a href=\"https:\/\/www.bildung.pl\/?attachment_id=2842\" rel=\"attachment wp-att-2842\"><img loading=\"lazy\" class=\"aligncenter  wp-image-2842\" src=\"http:\/\/www.bildung.pl\/wp-content\/uploads\/2024\/04\/Koncert-wiosenny-poziom-002-300x261.png\" alt=\"\" width=\"704\" height=\"613\" srcset=\"http:\/\/www.bildung.pl\/wp-content\/uploads\/2024\/04\/Koncert-wiosenny-poziom-002-300x261.png 300w, http:\/\/www.bildung.pl\/wp-content\/uploads\/2024\/04\/Koncert-wiosenny-poziom-002-1036x900.png 1036w, http:\/\/www.bildung.pl\/wp-content\/uploads\/2024\/04\/Koncert-wiosenny-poziom-002-921x800.png 921w, http:\/\/www.bildung.pl\/wp-content\/uploads\/2024\/04\/Koncert-wiosenny-poziom-002-800x695.png 800w, http:\/\/www.bildung.pl\/wp-content\/uploads\/2024\/04\/Koncert-wiosenny-poziom-002-600x521.png 600w, http:\/\/www.bildung.pl\/wp-content\/uploads\/2024\/04\/Koncert-wiosenny-poziom-002-400x347.png 400w\" sizes=\"(max-width: 704px) 100vw, 704px\" \/><\/a><\/p>","protected":false},"excerpt":{"rendered":"<p>Die \u00d6ffentliche E. Smo\u0142ka-Woiwodschaftsbibliothek in Opole gemeinsam mit der Deutschen Bildungsgesellschaft laden Sie herzlich zu einem Fr\u00fchlingskonzert mit klassischer und popul\u00e4rer Musik ein. Auftreten wird das Landesblasorchester des Blasmusikverbandes Th\u00fcringen e.V. unter der Leitung von Steffen Weber-Freytag. Im Programm stehen Werke von Komponisten wie Felix Mendelssohn, Kurt G\u00e4ble oder Ernesto Lecuon, aber auch ausgew\u00e4hlte St\u00fccke [&hellip;]<\/p>\n","protected":false},"author":2,"featured_media":0,"comment_status":"closed","ping_status":"closed","sticky":false,"template":"","format":"standard","meta":{"_expiration-date-status":"","_expiration-date":0,"_expiration-date-type":"","_expiration-date-categories":[],"_expiration-date-options":[]},"categories":[1],"tags":[],"_links":{"self":[{"href":"http:\/\/www.bildung.pl\/de\/wp-json\/wp\/v2\/posts\/2843"}],"collection":[{"href":"http:\/\/www.bildung.pl\/de\/wp-json\/wp\/v2\/posts"}],"about":[{"href":"http:\/\/www.bildung.pl\/de\/wp-json\/wp\/v2\/types\/post"}],"author":[{"embeddable":true,"href":"http:\/\/www.bildung.pl\/de\/wp-json\/wp\/v2\/users\/2"}],"replies":[{"embeddable":true,"href":"http:\/\/www.bildung.pl\/de\/wp-json\/wp\/v2\/comments?post=2843"}],"version-history":[{"count":2,"href":"http:\/\/www.bildung.pl\/de\/wp-json\/wp\/v2\/posts\/2843\/revisions"}],"predecessor-version":[{"id":2846,"href":"http:\/\/www.bildung.pl\/de\/wp-json\/wp\/v2\/posts\/2843\/revisions\/2846"}],"wp:attachment":[{"href":"http:\/\/www.bildung.pl\/de\/wp-json\/wp\/v2\/media?parent=2843"}],"wp:term":[{"taxonomy":"category","embeddable":true,"href":"http:\/\/www.bildung.pl\/de\/wp-json\/wp\/v2\/categories?post=2843"},{"taxonomy":"post_tag","embeddable":true,"href":"http:\/\/www.bildung.pl\/de\/wp-json\/wp\/v2\/tags?post=2843"}],"curies":[{"name":"wp","href":"https:\/\/api.w.org\/{rel}","templated":true}]}}