{"id":2830,"date":"2024-03-28T12:23:32","date_gmt":"2024-03-28T11:23:32","guid":{"rendered":"https:\/\/www.bildung.pl\/?p=2830"},"modified":"2024-03-28T12:23:32","modified_gmt":"2024-03-28T11:23:32","slug":"wesolych-i-zdrowych-swiat-wielkanocnych","status":"publish","type":"post","link":"http:\/\/www.bildung.pl\/de\/2024\/03\/28\/wesolych-i-zdrowych-swiat-wielkanocnych\/","title":{"rendered":"(Polski) Weso\u0142ych i zdrowych \u015awi\u0105t Wielkanocnych!"},"content":{"rendered":"<p class=\"qtranxs-available-languages-message qtranxs-available-languages-message-de\">Leider ist der Eintrag nur auf <a href=\"http:\/\/www.bildung.pl\/pl\/wp-json\/wp\/v2\/posts\/2830\" class=\"qtranxs-available-language-link qtranxs-available-language-link-pl\" title=\"Polski\">Polnisch<\/a> verf\u00fcgbar.<\/p>","protected":false},"excerpt":{"rendered":"<p>Leider ist der Eintrag nur auf Polnisch verf\u00fcgbar.<\/p>\n","protected":false},"author":2,"featured_media":0,"comment_status":"closed","ping_status":"closed","sticky":false,"template":"","format":"standard","meta":{"_expiration-date-status":"","_expiration-date":0,"_expiration-date-type":"","_expiration-date-categories":[],"_expiration-date-options":[]},"categories":[1],"tags":[],"_links":{"self":[{"href":"http:\/\/www.bildung.pl\/de\/wp-json\/wp\/v2\/posts\/2830"}],"collection":[{"href":"http:\/\/www.bildung.pl\/de\/wp-json\/wp\/v2\/posts"}],"about":[{"href":"http:\/\/www.bildung.pl\/de\/wp-json\/wp\/v2\/types\/post"}],"author":[{"embeddable":true,"href":"http:\/\/www.bildung.pl\/de\/wp-json\/wp\/v2\/users\/2"}],"replies":[{"embeddable":true,"href":"http:\/\/www.bildung.pl\/de\/wp-json\/wp\/v2\/comments?post=2830"}],"version-history":[{"count":0,"href":"http:\/\/www.bildung.pl\/de\/wp-json\/wp\/v2\/posts\/2830\/revisions"}],"wp:attachment":[{"href":"http:\/\/www.bildung.pl\/de\/wp-json\/wp\/v2\/media?parent=2830"}],"wp:term":[{"taxonomy":"category","embeddable":true,"href":"http:\/\/www.bildung.pl\/de\/wp-json\/wp\/v2\/categories?post=2830"},{"taxonomy":"post_tag","embeddable":true,"href":"http:\/\/www.bildung.pl\/de\/wp-json\/wp\/v2\/tags?post=2830"}],"curies":[{"name":"wp","href":"https:\/\/api.w.org\/{rel}","templated":true}]}}