{"id":2761,"date":"2023-09-27T08:38:09","date_gmt":"2023-09-27T06:38:09","guid":{"rendered":"https:\/\/www.bildung.pl\/?p=2761"},"modified":"2023-09-27T08:38:09","modified_gmt":"2023-09-27T06:38:09","slug":"kursy-jezyka-niemieckiego-dla-mlodziezy-online-w-ramach-projektu-lernraum-pl","status":"publish","type":"post","link":"http:\/\/www.bildung.pl\/de\/2023\/09\/27\/kursy-jezyka-niemieckiego-dla-mlodziezy-online-w-ramach-projektu-lernraum-pl\/","title":{"rendered":"(Polski) Kursy j\u0119zyka niemieckiego dla m\u0142odzie\u017cy ONLINE w ramach projektu LernRAUM.pl"},"content":{"rendered":"<p class=\"qtranxs-available-languages-message qtranxs-available-languages-message-de\">Leider ist der Eintrag nur auf <a href=\"http:\/\/www.bildung.pl\/pl\/wp-json\/wp\/v2\/posts\/2761\" class=\"qtranxs-available-language-link qtranxs-available-language-link-pl\" title=\"Polski\">Polnisch<\/a> verf\u00fcgbar.<\/p>","protected":false},"excerpt":{"rendered":"<p>Leider ist der Eintrag nur auf Polnisch verf\u00fcgbar.<\/p>\n","protected":false},"author":2,"featured_media":0,"comment_status":"closed","ping_status":"closed","sticky":false,"template":"","format":"standard","meta":{"_expiration-date-status":"","_expiration-date":0,"_expiration-date-type":"","_expiration-date-categories":[],"_expiration-date-options":[]},"categories":[1],"tags":[],"_links":{"self":[{"href":"http:\/\/www.bildung.pl\/de\/wp-json\/wp\/v2\/posts\/2761"}],"collection":[{"href":"http:\/\/www.bildung.pl\/de\/wp-json\/wp\/v2\/posts"}],"about":[{"href":"http:\/\/www.bildung.pl\/de\/wp-json\/wp\/v2\/types\/post"}],"author":[{"embeddable":true,"href":"http:\/\/www.bildung.pl\/de\/wp-json\/wp\/v2\/users\/2"}],"replies":[{"embeddable":true,"href":"http:\/\/www.bildung.pl\/de\/wp-json\/wp\/v2\/comments?post=2761"}],"version-history":[{"count":0,"href":"http:\/\/www.bildung.pl\/de\/wp-json\/wp\/v2\/posts\/2761\/revisions"}],"wp:attachment":[{"href":"http:\/\/www.bildung.pl\/de\/wp-json\/wp\/v2\/media?parent=2761"}],"wp:term":[{"taxonomy":"category","embeddable":true,"href":"http:\/\/www.bildung.pl\/de\/wp-json\/wp\/v2\/categories?post=2761"},{"taxonomy":"post_tag","embeddable":true,"href":"http:\/\/www.bildung.pl\/de\/wp-json\/wp\/v2\/tags?post=2761"}],"curies":[{"name":"wp","href":"https:\/\/api.w.org\/{rel}","templated":true}]}}