{"id":2759,"date":"2023-09-26T13:58:20","date_gmt":"2023-09-26T11:58:20","guid":{"rendered":"https:\/\/www.bildung.pl\/?p=2759"},"modified":"2023-09-26T13:58:20","modified_gmt":"2023-09-26T11:58:20","slug":"kulturspuren-bekannter-deutscher-konkurs-dla-uczniow-szkol-podstawowych","status":"publish","type":"post","link":"http:\/\/www.bildung.pl\/de\/2023\/09\/26\/kulturspuren-bekannter-deutscher-konkurs-dla-uczniow-szkol-podstawowych\/","title":{"rendered":"(Polski) \u201eKulturspuren bekannter Deutscher\u201d \u2013 konkurs dla uczni\u00f3w szk\u00f3\u0142 podstawowych"},"content":{"rendered":"<p class=\"qtranxs-available-languages-message qtranxs-available-languages-message-de\">Leider ist der Eintrag nur auf <a href=\"http:\/\/www.bildung.pl\/pl\/wp-json\/wp\/v2\/posts\/2759\" class=\"qtranxs-available-language-link qtranxs-available-language-link-pl\" title=\"Polski\">Polnisch<\/a> verf\u00fcgbar.<\/p>","protected":false},"excerpt":{"rendered":"<p>Leider ist der Eintrag nur auf Polnisch verf\u00fcgbar.<\/p>\n","protected":false},"author":2,"featured_media":0,"comment_status":"closed","ping_status":"closed","sticky":false,"template":"","format":"standard","meta":{"_expiration-date-status":"","_expiration-date":0,"_expiration-date-type":"","_expiration-date-categories":[],"_expiration-date-options":[]},"categories":[1],"tags":[],"_links":{"self":[{"href":"http:\/\/www.bildung.pl\/de\/wp-json\/wp\/v2\/posts\/2759"}],"collection":[{"href":"http:\/\/www.bildung.pl\/de\/wp-json\/wp\/v2\/posts"}],"about":[{"href":"http:\/\/www.bildung.pl\/de\/wp-json\/wp\/v2\/types\/post"}],"author":[{"embeddable":true,"href":"http:\/\/www.bildung.pl\/de\/wp-json\/wp\/v2\/users\/2"}],"replies":[{"embeddable":true,"href":"http:\/\/www.bildung.pl\/de\/wp-json\/wp\/v2\/comments?post=2759"}],"version-history":[{"count":0,"href":"http:\/\/www.bildung.pl\/de\/wp-json\/wp\/v2\/posts\/2759\/revisions"}],"wp:attachment":[{"href":"http:\/\/www.bildung.pl\/de\/wp-json\/wp\/v2\/media?parent=2759"}],"wp:term":[{"taxonomy":"category","embeddable":true,"href":"http:\/\/www.bildung.pl\/de\/wp-json\/wp\/v2\/categories?post=2759"},{"taxonomy":"post_tag","embeddable":true,"href":"http:\/\/www.bildung.pl\/de\/wp-json\/wp\/v2\/tags?post=2759"}],"curies":[{"name":"wp","href":"https:\/\/api.w.org\/{rel}","templated":true}]}}