{"id":2661,"date":"2023-03-06T14:30:03","date_gmt":"2023-03-06T13:30:03","guid":{"rendered":"http:\/\/www.bildung.pl\/?p=2661"},"modified":"2023-03-06T14:30:03","modified_gmt":"2023-03-06T13:30:03","slug":"filmy-instruktazowe","status":"publish","type":"post","link":"http:\/\/www.bildung.pl\/de\/2023\/03\/06\/filmy-instruktazowe\/","title":{"rendered":"Filmy instrukta\u017cowe"},"content":{"rendered":"<p><span class=\"size\">Drodzy nauczyciele, oddajemy w Pa\u0144stwa r\u0119ce zeszyt z materia\u0142ami dydaktycznymi powsta\u0142ymi w ramach projektu &#8222;Das moderne M\u00e4del&#8220;, jak i dwa filmy instrukta\u017cowe nagrane przez Mart\u0119 Wryk.<\/span><\/p>","protected":false},"excerpt":{"rendered":"<p>Drodzy nauczyciele, oddajemy w Pa\u0144stwa r\u0119ce zeszyt z materia\u0142ami dydaktycznymi powsta\u0142ymi w ramach projektu &#8222;Das moderne M\u00e4del&#8220;, jak i dwa filmy instrukta\u017cowe nagrane przez Mart\u0119 Wryk.<\/p>\n","protected":false},"author":1,"featured_media":0,"comment_status":"closed","ping_status":"closed","sticky":false,"template":"","format":"standard","meta":{"_expiration-date-status":"","_expiration-date":0,"_expiration-date-type":"","_expiration-date-categories":[],"_expiration-date-options":[]},"categories":[1],"tags":[],"_links":{"self":[{"href":"http:\/\/www.bildung.pl\/de\/wp-json\/wp\/v2\/posts\/2661"}],"collection":[{"href":"http:\/\/www.bildung.pl\/de\/wp-json\/wp\/v2\/posts"}],"about":[{"href":"http:\/\/www.bildung.pl\/de\/wp-json\/wp\/v2\/types\/post"}],"author":[{"embeddable":true,"href":"http:\/\/www.bildung.pl\/de\/wp-json\/wp\/v2\/users\/1"}],"replies":[{"embeddable":true,"href":"http:\/\/www.bildung.pl\/de\/wp-json\/wp\/v2\/comments?post=2661"}],"version-history":[{"count":1,"href":"http:\/\/www.bildung.pl\/de\/wp-json\/wp\/v2\/posts\/2661\/revisions"}],"predecessor-version":[{"id":2662,"href":"http:\/\/www.bildung.pl\/de\/wp-json\/wp\/v2\/posts\/2661\/revisions\/2662"}],"wp:attachment":[{"href":"http:\/\/www.bildung.pl\/de\/wp-json\/wp\/v2\/media?parent=2661"}],"wp:term":[{"taxonomy":"category","embeddable":true,"href":"http:\/\/www.bildung.pl\/de\/wp-json\/wp\/v2\/categories?post=2661"},{"taxonomy":"post_tag","embeddable":true,"href":"http:\/\/www.bildung.pl\/de\/wp-json\/wp\/v2\/tags?post=2661"}],"curies":[{"name":"wp","href":"https:\/\/api.w.org\/{rel}","templated":true}]}}