{"id":2643,"date":"2022-09-05T12:36:34","date_gmt":"2022-09-05T10:36:34","guid":{"rendered":"http:\/\/www.bildung.pl\/?p=2643"},"modified":"2022-09-05T12:45:02","modified_gmt":"2022-09-05T10:45:02","slug":"programy-nauczania-jezyka-niemieckiego-jako-mniejszosci-narodowej-do-klas-i-iii-oraz-iv-vi-szkoly-podstawowej","status":"publish","type":"post","link":"http:\/\/www.bildung.pl\/de\/2022\/09\/05\/programy-nauczania-jezyka-niemieckiego-jako-mniejszosci-narodowej-do-klas-i-iii-oraz-iv-vi-szkoly-podstawowej\/","title":{"rendered":"Programy nauczania j\u0119zyka niemieckiego jako mniejszo\u015bci narodowej do klas I \u2013 III oraz IV- VI szko\u0142y podstawowej"},"content":{"rendered":"<p>Szanowni Pa\u0144stwo,<\/p>\n<p>Oddajemy w Wasze r\u0119ce programy nauczania j\u0119zyka niemieckiego jako mniejszo\u015bci narodowej do klas I \u2013 III oraz IV- VI szko\u0142y podstawowej. Zosta\u0142y one dostosowane do podstawy programowej, z dnia 1 sierpnia 2022 r. Tym samym dotychczasowe programy trac\u0105 wa\u017cno\u015b\u0107 31 sierpnia 2022 r.<\/p>\n<p>Zach\u0119camy jednak do tworzenia program\u00f3w autorskich, kt\u00f3re b\u0119d\u0105 Pa\u0144stwo realizowa\u0107 z grupami, kt\u00f3re znacie. Zapraszamy tak\u017ce do skorzystania z bardzo bogatej oferty dydaktycznej, kt\u00f3r\u0105 oferuj\u0105 plac\u00f3wki doskonalenia nauczycieli np. Regionalny Zesp\u00f3\u0142 Plac\u00f3wek Wsparcia Edukacji w Opolu &#8211; Program Niwki.<\/p>\n<p>Warto skorzysta\u0107 tak\u017ce ze wsparcia organizacji mniejszo\u015bciowych\u00a0<a href=\"http:\/\/m.in\/\">m.in<\/a>. Niemieckiego Towarzystwa O\u015bwiatowego,Towarzystwa Spo\u0142eczno-Kulturalnego Niemc\u00f3w na \u015al\u0105sku Opolskim\u00a0oraz Domu Wsp\u00f3\u0142pracy Polsko \u2013 Niemieckiej.<\/p>\n<p>\u017byczymy pomy\u015blno\u015bci w nowym roku szkolnym!<\/p>\n<p>Zesp\u00f3\u0142 opracowuj\u0105cy programy:<\/p>\n<p>Iwona Bregu\u0142a \u2013 Hanysek<\/p>\n<p>Barbara Chy\u0142ka<\/p>\n<p>Ma\u0142gorzata Paszkowiak<\/p>\n<p>Izabela Szczepa\u0144ska \u2013 korekta j\u0119zykowa i merytoryczna<\/p>\n<p>\u017byczymy powodzenia w nowym roku szkolnym i owocnej pracy !<\/p>\n<p>ZARZ\u0104D NIEMIECKIEGO TOWARZYSTWA O\u015aWIATOWEGO<\/p>\n<p>1. DaM Program nauczania dla klas 1-3 obowi\u0105zuj\u0105cy od 01.09.2022 <a href=\"http:\/\/www.bildung.pl\/wp-content\/uploads\/2022\/09\/program1.pdf\">[POBIERZ]<\/a><br \/>\n2. DaM Program nauczania dla klas 4-6 obowi\u0105zuj\u0105cy od 01.09.2022 <a href=\"http:\/\/www.bildung.pl\/wp-content\/uploads\/2022\/09\/program2.pdf\">[POBIERZ]<\/a><\/p>\n<p>&nbsp;<\/p>\n<p>&nbsp;<\/p>\n","protected":false},"excerpt":{"rendered":"<p>Szanowni Pa\u0144stwo, Oddajemy w Wasze r\u0119ce programy nauczania j\u0119zyka niemieckiego jako mniejszo\u015bci narodowej do klas I \u2013 III oraz IV- VI szko\u0142y podstawowej. Zosta\u0142y one dostosowane do podstawy programowej, z dnia 1 sierpnia 2022 r. Tym samym dotychczasowe programy trac\u0105 wa\u017cno\u015b\u0107 31 sierpnia 2022 r. Zach\u0119camy jednak do tworzenia program\u00f3w autorskich, kt\u00f3re b\u0119d\u0105 Pa\u0144stwo realizowa\u0107 [&hellip;]<\/p>\n","protected":false},"author":1,"featured_media":0,"comment_status":"closed","ping_status":"closed","sticky":false,"template":"","format":"standard","meta":{"_expiration-date-status":"","_expiration-date":0,"_expiration-date-type":"","_expiration-date-categories":[],"_expiration-date-options":[]},"categories":[1],"tags":[],"_links":{"self":[{"href":"http:\/\/www.bildung.pl\/de\/wp-json\/wp\/v2\/posts\/2643"}],"collection":[{"href":"http:\/\/www.bildung.pl\/de\/wp-json\/wp\/v2\/posts"}],"about":[{"href":"http:\/\/www.bildung.pl\/de\/wp-json\/wp\/v2\/types\/post"}],"author":[{"embeddable":true,"href":"http:\/\/www.bildung.pl\/de\/wp-json\/wp\/v2\/users\/1"}],"replies":[{"embeddable":true,"href":"http:\/\/www.bildung.pl\/de\/wp-json\/wp\/v2\/comments?post=2643"}],"version-history":[{"count":1,"href":"http:\/\/www.bildung.pl\/de\/wp-json\/wp\/v2\/posts\/2643\/revisions"}],"predecessor-version":[{"id":2650,"href":"http:\/\/www.bildung.pl\/de\/wp-json\/wp\/v2\/posts\/2643\/revisions\/2650"}],"wp:attachment":[{"href":"http:\/\/www.bildung.pl\/de\/wp-json\/wp\/v2\/media?parent=2643"}],"wp:term":[{"taxonomy":"category","embeddable":true,"href":"http:\/\/www.bildung.pl\/de\/wp-json\/wp\/v2\/categories?post=2643"},{"taxonomy":"post_tag","embeddable":true,"href":"http:\/\/www.bildung.pl\/de\/wp-json\/wp\/v2\/tags?post=2643"}],"curies":[{"name":"wp","href":"https:\/\/api.w.org\/{rel}","templated":true}]}}