{"id":2477,"date":"2022-03-02T12:22:29","date_gmt":"2022-03-02T11:22:29","guid":{"rendered":"https:\/\/www.bildung.pl\/?p=2477"},"modified":"2022-03-02T12:28:34","modified_gmt":"2022-03-02T11:28:34","slug":"biezace-info-o-sytuacji-j-mniejszosci","status":"publish","type":"post","link":"http:\/\/www.bildung.pl\/de\/2022\/03\/02\/biezace-info-o-sytuacji-j-mniejszosci\/","title":{"rendered":"Aktuelle Info \u00fcber die Situation von DaM"},"content":{"rendered":"<p>Wir laden Sie herzlich zu der vom Marschallamt und dem Haus f\u00fcr deutsch-polnische Zusammenarbeit organisierten Debatte mit dem Titel: &#8222;Die Diskriminierung der deutschen Minderheit im Lichte der j\u00fcngsten Gesetzes\u00e4nderungen&#8220;.<\/p>\n<p>Die Debatte wird von Wissenschaftlern gef\u00fchrt, die Spezialisten auf ihrem Gebiet sind. Sie findet am 3. M\u00e4rz 2022 ab 18 Uhr statt und kann online auf dem Facebook-Profil des Hauses der Deutsch-Polnischen Zusammenarbeit verfolgt werden.<\/p>\n<p>https:\/\/www.facebook.com\/events\/1718691045134825?ref=newsfeed<\/p>\n<p>https:\/\/www.facebook.com\/112397400524450\/posts\/505189737911879\/?d=n<\/p>\n<p>Sie k\u00f6nnen das Programm hier herunterladen. <a href=\"https:\/\/www.bildung.pl\/2022\/03\/02\/biezace-info-o-sytuacji-j-mniejszosci\/program_ks-002\/\" rel=\"attachment wp-att-2479\">Program_KS (002)<\/a><\/p>\n<p>Um Ihnen die M\u00f6glichkeit zu geben, an der Debatte teilzunehmen, verschieben wir den Vortrag von Pater Professor Piotr G\u00f3recki. Sie wird am 28. April 2022 stattfinden. Dieser Vortrag bildet den Auftakt zur Online Meeting Series#: Fragen an Historiker.<\/p>\n<p>Wir laden Sie ein, Themen f\u00fcr k\u00fcnftige Vortr\u00e4ge an die folgende E-Mail-Adresse zu senden: dbg@bildung.pl.<\/p>\n<p>&nbsp;<\/p>","protected":false},"excerpt":{"rendered":"<p>Wir laden Sie herzlich zu der vom Marschallamt und dem Haus f\u00fcr deutsch-polnische Zusammenarbeit organisierten Debatte mit dem Titel: &#8222;Die Diskriminierung der deutschen Minderheit im Lichte der j\u00fcngsten Gesetzes\u00e4nderungen&#8220;. Die Debatte wird von Wissenschaftlern gef\u00fchrt, die Spezialisten auf ihrem Gebiet sind. Sie findet am 3. M\u00e4rz 2022 ab 18 Uhr statt und kann online auf [&hellip;]<\/p>\n","protected":false},"author":2,"featured_media":0,"comment_status":"closed","ping_status":"closed","sticky":false,"template":"","format":"standard","meta":{"_expiration-date-status":"saved","_expiration-date":0,"_expiration-date-type":"","_expiration-date-categories":[],"_expiration-date-options":[]},"categories":[1],"tags":[],"_links":{"self":[{"href":"http:\/\/www.bildung.pl\/de\/wp-json\/wp\/v2\/posts\/2477"}],"collection":[{"href":"http:\/\/www.bildung.pl\/de\/wp-json\/wp\/v2\/posts"}],"about":[{"href":"http:\/\/www.bildung.pl\/de\/wp-json\/wp\/v2\/types\/post"}],"author":[{"embeddable":true,"href":"http:\/\/www.bildung.pl\/de\/wp-json\/wp\/v2\/users\/2"}],"replies":[{"embeddable":true,"href":"http:\/\/www.bildung.pl\/de\/wp-json\/wp\/v2\/comments?post=2477"}],"version-history":[{"count":2,"href":"http:\/\/www.bildung.pl\/de\/wp-json\/wp\/v2\/posts\/2477\/revisions"}],"predecessor-version":[{"id":2480,"href":"http:\/\/www.bildung.pl\/de\/wp-json\/wp\/v2\/posts\/2477\/revisions\/2480"}],"wp:attachment":[{"href":"http:\/\/www.bildung.pl\/de\/wp-json\/wp\/v2\/media?parent=2477"}],"wp:term":[{"taxonomy":"category","embeddable":true,"href":"http:\/\/www.bildung.pl\/de\/wp-json\/wp\/v2\/categories?post=2477"},{"taxonomy":"post_tag","embeddable":true,"href":"http:\/\/www.bildung.pl\/de\/wp-json\/wp\/v2\/tags?post=2477"}],"curies":[{"name":"wp","href":"https:\/\/api.w.org\/{rel}","templated":true}]}}