{"id":2289,"date":"2021-08-25T20:38:32","date_gmt":"2021-08-25T18:38:32","guid":{"rendered":"http:\/\/www.bildung.pl\/?p=2289"},"modified":"2021-08-26T19:29:19","modified_gmt":"2021-08-26T17:29:19","slug":"akademia-letnia-bis","status":"publish","type":"post","link":"http:\/\/www.bildung.pl\/de\/2021\/08\/25\/akademia-letnia-bis\/","title":{"rendered":"Sommerakademie#online 2021 BIS &#8211; ZUGABE (26.08.2021)"},"content":{"rendered":"<p>Die morgige online Schulung wird von Joasia Przyby\u0142owska geleitet. Wenn Sie mehr \u00fcber Edkimo erfahren m\u00f6chten, loggen Sie sich einfach ein! Sie sind herzlich zu dem 2-st\u00fcndigen Kurs und der Fragerunde eingeladen. Wir treffen uns im ZOOM um 18.00 .<\/p>","protected":false},"excerpt":{"rendered":"<p>Die morgige online Schulung wird von Joasia Przyby\u0142owska geleitet. Wenn Sie mehr \u00fcber Edkimo erfahren m\u00f6chten, loggen Sie sich einfach ein! Sie sind herzlich zu dem 2-st\u00fcndigen Kurs und der Fragerunde eingeladen. Wir treffen uns im ZOOM um 18.00 .<\/p>\n","protected":false},"author":2,"featured_media":2290,"comment_status":"closed","ping_status":"closed","sticky":false,"template":"","format":"standard","meta":{"_expiration-date-status":"saved","_expiration-date":0,"_expiration-date-type":"","_expiration-date-categories":[],"_expiration-date-options":[]},"categories":[1],"tags":[],"_links":{"self":[{"href":"http:\/\/www.bildung.pl\/de\/wp-json\/wp\/v2\/posts\/2289"}],"collection":[{"href":"http:\/\/www.bildung.pl\/de\/wp-json\/wp\/v2\/posts"}],"about":[{"href":"http:\/\/www.bildung.pl\/de\/wp-json\/wp\/v2\/types\/post"}],"author":[{"embeddable":true,"href":"http:\/\/www.bildung.pl\/de\/wp-json\/wp\/v2\/users\/2"}],"replies":[{"embeddable":true,"href":"http:\/\/www.bildung.pl\/de\/wp-json\/wp\/v2\/comments?post=2289"}],"version-history":[{"count":9,"href":"http:\/\/www.bildung.pl\/de\/wp-json\/wp\/v2\/posts\/2289\/revisions"}],"predecessor-version":[{"id":2300,"href":"http:\/\/www.bildung.pl\/de\/wp-json\/wp\/v2\/posts\/2289\/revisions\/2300"}],"wp:featuredmedia":[{"embeddable":true,"href":"http:\/\/www.bildung.pl\/de\/wp-json\/wp\/v2\/media\/2290"}],"wp:attachment":[{"href":"http:\/\/www.bildung.pl\/de\/wp-json\/wp\/v2\/media?parent=2289"}],"wp:term":[{"taxonomy":"category","embeddable":true,"href":"http:\/\/www.bildung.pl\/de\/wp-json\/wp\/v2\/categories?post=2289"},{"taxonomy":"post_tag","embeddable":true,"href":"http:\/\/www.bildung.pl\/de\/wp-json\/wp\/v2\/tags?post=2289"}],"curies":[{"name":"wp","href":"https:\/\/api.w.org\/{rel}","templated":true}]}}