{"id":1780,"date":"2021-01-29T17:54:20","date_gmt":"2021-01-29T16:54:20","guid":{"rendered":"http:\/\/www.bildung.pl\/?p=1780"},"modified":"2021-02-09T20:37:17","modified_gmt":"2021-02-09T19:37:17","slug":"deutsch-die-erste-online-austauschrunde-runder-tisch-digitale-projektarbeit-am-28-01-2021","status":"publish","type":"post","link":"http:\/\/www.bildung.pl\/de\/2021\/01\/29\/deutsch-die-erste-online-austauschrunde-runder-tisch-digitale-projektarbeit-am-28-01-2021\/","title":{"rendered":"Die erste Online-Austauschrunde &#8222;Runder Tisch &#8211; Digitale Projekte&#8220; am 28.01.2021"},"content":{"rendered":"<p>Am Donnerstag, den 28.01.2021 fand die erste grenz\u00fcberschreitende Online-Austauschrunde der Deutschen Bildungsgesellschaft im Jahr 2021 statt. Bei unserem Runden Tisch zum Thema \u201eDigitale Projekte\u201c nahmen Mitarbeitende aus Organisationen der Deutschen Minderheit sowie aus der Sprach- und Kulturarbeit aus Polen, der Tschechischen Republik, der Slowakei und Deutschland teil. Zusammen tauschten sich die Teilnehmerinnen und Teilnehmer an unserem virtuellen Runden Tisch in Zoom dabei \u00fcber Online-Projekte aus dem vergangen Jahr 2020 aus und stellten neue Projekte f\u00fcr das Jahr 2021 vor. Dar\u00fcber hinaus sammelten sie neue Kontakte und Ideen f\u00fcr kommende Projekte.<\/p>\n<p>Aufgrund des regen Austauschs unter den Teilnehmenden und dem gro\u00dfen Interesse an einer Wiederholung der Veranstaltung, wird es voraussichtlich im April 2021 die zweite Online-Austauschrunde geben. Alle weitere Informationen erfahren Sie auf unserer Website oder in Facebook!<\/p>\n<p><img loading=\"lazy\" class=\"alignnone size-large wp-image-1781\" src=\"http:\/\/www.bildung.pl\/wp-content\/uploads\/2021\/01\/DBG_Runder-Tisch-2-1024x458.png\" alt=\"\" width=\"800\" height=\"358\" srcset=\"http:\/\/www.bildung.pl\/wp-content\/uploads\/2021\/01\/DBG_Runder-Tisch-2-1024x458.png 1024w, http:\/\/www.bildung.pl\/wp-content\/uploads\/2021\/01\/DBG_Runder-Tisch-2-300x134.png 300w, http:\/\/www.bildung.pl\/wp-content\/uploads\/2021\/01\/DBG_Runder-Tisch-2-768x343.png 768w, http:\/\/www.bildung.pl\/wp-content\/uploads\/2021\/01\/DBG_Runder-Tisch-2-1000x447.png 1000w, http:\/\/www.bildung.pl\/wp-content\/uploads\/2021\/01\/DBG_Runder-Tisch-2-800x358.png 800w, http:\/\/www.bildung.pl\/wp-content\/uploads\/2021\/01\/DBG_Runder-Tisch-2-600x268.png 600w, http:\/\/www.bildung.pl\/wp-content\/uploads\/2021\/01\/DBG_Runder-Tisch-2-400x179.png 400w, http:\/\/www.bildung.pl\/wp-content\/uploads\/2021\/01\/DBG_Runder-Tisch-2.png 1358w\" sizes=\"(max-width: 800px) 100vw, 800px\" \/><\/p>\n<p>&nbsp;<\/p>","protected":false},"excerpt":{"rendered":"<p>Am Donnerstag, den 28.01.2021 fand die erste grenz\u00fcberschreitende Online-Austauschrunde der Deutschen Bildungsgesellschaft im Jahr 2021 statt. Bei unserem Runden Tisch zum Thema \u201eDigitale Projekte\u201c nahmen Mitarbeitende aus Organisationen der Deutschen Minderheit sowie aus der Sprach- und Kulturarbeit aus Polen, der Tschechischen Republik, der Slowakei und Deutschland teil. Zusammen tauschten sich die Teilnehmerinnen und Teilnehmer an [&hellip;]<\/p>\n","protected":false},"author":2,"featured_media":1782,"comment_status":"closed","ping_status":"closed","sticky":false,"template":"","format":"standard","meta":{"_expiration-date-status":"saved","_expiration-date":0,"_expiration-date-type":"","_expiration-date-categories":[],"_expiration-date-options":[]},"categories":[1],"tags":[],"_links":{"self":[{"href":"http:\/\/www.bildung.pl\/de\/wp-json\/wp\/v2\/posts\/1780"}],"collection":[{"href":"http:\/\/www.bildung.pl\/de\/wp-json\/wp\/v2\/posts"}],"about":[{"href":"http:\/\/www.bildung.pl\/de\/wp-json\/wp\/v2\/types\/post"}],"author":[{"embeddable":true,"href":"http:\/\/www.bildung.pl\/de\/wp-json\/wp\/v2\/users\/2"}],"replies":[{"embeddable":true,"href":"http:\/\/www.bildung.pl\/de\/wp-json\/wp\/v2\/comments?post=1780"}],"version-history":[{"count":7,"href":"http:\/\/www.bildung.pl\/de\/wp-json\/wp\/v2\/posts\/1780\/revisions"}],"predecessor-version":[{"id":1822,"href":"http:\/\/www.bildung.pl\/de\/wp-json\/wp\/v2\/posts\/1780\/revisions\/1822"}],"wp:featuredmedia":[{"embeddable":true,"href":"http:\/\/www.bildung.pl\/de\/wp-json\/wp\/v2\/media\/1782"}],"wp:attachment":[{"href":"http:\/\/www.bildung.pl\/de\/wp-json\/wp\/v2\/media?parent=1780"}],"wp:term":[{"taxonomy":"category","embeddable":true,"href":"http:\/\/www.bildung.pl\/de\/wp-json\/wp\/v2\/categories?post=1780"},{"taxonomy":"post_tag","embeddable":true,"href":"http:\/\/www.bildung.pl\/de\/wp-json\/wp\/v2\/tags?post=1780"}],"curies":[{"name":"wp","href":"https:\/\/api.w.org\/{rel}","templated":true}]}}