{"id":1751,"date":"2020-12-18T18:12:10","date_gmt":"2020-12-18T17:12:10","guid":{"rendered":"http:\/\/www.bildung.pl\/?p=1751"},"modified":"2021-03-30T15:41:17","modified_gmt":"2021-03-30T13:41:17","slug":"deutsch-online-austauschrunde-runder-tisch-zu-digitalen-projekten-am-21-januar-2021-um-16-00-18-00-uhr","status":"publish","type":"post","link":"http:\/\/www.bildung.pl\/de\/2020\/12\/18\/deutsch-online-austauschrunde-runder-tisch-zu-digitalen-projekten-am-21-januar-2021-um-16-00-18-00-uhr\/","title":{"rendered":"Okr\u0105g\u0142y st\u00f3\u0142 online: Projekty cyfrowe (internetowe) 28. stycznia 2021 \u2013 godz. 16.00-18.00"},"content":{"rendered":"<p>W czwartek, 28. stycznia 2021 w godzinach 16:00-18:00organizujemy okr\u0105g\u0142y st\u00f3\u0142 w formie online na temat: \u201ePraca nad projektami cyfrowymi oraz projekty online\u201d dla pracownik\u00f3w, wolontariuszy oraz aktywist\u00f3w z organizacji Mniejszo\u015bci Niemieckiej w Polsce, na S\u0142owacji i w Czechach.<\/p>\n<p>Celem wydarzenia jest spojrzenie wstecz, na rok 2020 oraz wymiana do\u015bwiadcze\u0144 na temat internetowej pracy nad projektami oraz projekt\u00f3w online, a tak\u017ce mo\u017cliwo\u015b\u0107 przedstawienia w\u0142asnych projekt\u00f3w na rok 2021 oraz inicjowanie wsp\u00f3\u0142pracy w zakresie prowadzenia wsp\u00f3lnych projekt\u00f3w.<\/p>\n<p>Wydarzenie odbywa\u0107 si\u0119 b\u0119dzie w j\u0119zyku niemieckim.<\/p>\n<p><strong>Program:<\/strong><\/p>\n<ul>\n<li>Przedstawienie Uczestnik\u00f3w<\/li>\n<li>Wymiana do\u015bwiadcze\u0144 na temat pracy nad projektami cyfrowymi (internetowymi) oraz projektami online<\/li>\n<li>Prezentacji a plan\u00f3w na rok 2021 oraz mo\u017cliwo\u015bci wsp\u00f3\u0142pracy<\/li>\n<li>Budowanie sieci kontakt\u00f3w<\/li>\n<\/ul>\n<p><strong><span style=\"color: #000080;\">Zg\u0142oszenia prosimy nadsy\u0142a\u0107 na adres: anmeldung@bildung.pl do 26.01.2021, w tytule wpisuj\u0105c &#8222;Projekt&#8220;\u00a0<\/span> <\/strong><\/p>\n<p>Do zg\u0142oszenia prosimy do\u0142\u0105czy\u0107 informacj\u0119 na temat obszaru pracy, dotychczasowych do\u015bwiadcze\u0144 oraz propozycji temat\u00f3w dyskusji przy Okr\u0105g\u0142ym Stole.<\/p>\n<p>Wi\u0119cej informacji:<\/p>\n<p><a href=\"http:\/\/www.bildung.pl\/wp-content\/uploads\/2020\/12\/Flyer_Online_Austauschrunde-2021_28.1..pdf\">Flyer_Online_Austauschrunde 2021_28.1.<\/a><\/p>\n<p><a href=\"http:\/\/www.bildung.pl\/wp-content\/uploads\/2020\/12\/Info_Online-Austauschrunde-Digitale-Projekte.pdf\">Info_Online-Austauschrunde Digitale Projekte<\/a><\/p>\n<p><span style=\"color: #000080;\"><strong>CZEKAMY NA ZG\u0141OSZENIA!<\/strong><\/span><\/p>\n<p>&nbsp;<\/p>\n","protected":false},"excerpt":{"rendered":"<p>W czwartek, 28. stycznia 2021 w godzinach 16:00-18:00organizujemy okr\u0105g\u0142y st\u00f3\u0142 w formie online na temat: \u201ePraca nad projektami cyfrowymi oraz projekty online\u201d dla pracownik\u00f3w, wolontariuszy oraz aktywist\u00f3w z organizacji Mniejszo\u015bci Niemieckiej w Polsce, na S\u0142owacji i w Czechach. Celem wydarzenia jest spojrzenie wstecz, na rok 2020 oraz wymiana do\u015bwiadcze\u0144 na temat internetowej pracy nad projektami [&hellip;]<\/p>\n","protected":false},"author":2,"featured_media":1774,"comment_status":"closed","ping_status":"closed","sticky":false,"template":"","format":"standard","meta":{"_expiration-date-status":"saved","_expiration-date":0,"_expiration-date-type":"","_expiration-date-categories":[],"_expiration-date-options":[]},"categories":[1],"tags":[],"_links":{"self":[{"href":"http:\/\/www.bildung.pl\/de\/wp-json\/wp\/v2\/posts\/1751"}],"collection":[{"href":"http:\/\/www.bildung.pl\/de\/wp-json\/wp\/v2\/posts"}],"about":[{"href":"http:\/\/www.bildung.pl\/de\/wp-json\/wp\/v2\/types\/post"}],"author":[{"embeddable":true,"href":"http:\/\/www.bildung.pl\/de\/wp-json\/wp\/v2\/users\/2"}],"replies":[{"embeddable":true,"href":"http:\/\/www.bildung.pl\/de\/wp-json\/wp\/v2\/comments?post=1751"}],"version-history":[{"count":12,"href":"http:\/\/www.bildung.pl\/de\/wp-json\/wp\/v2\/posts\/1751\/revisions"}],"predecessor-version":[{"id":1999,"href":"http:\/\/www.bildung.pl\/de\/wp-json\/wp\/v2\/posts\/1751\/revisions\/1999"}],"wp:featuredmedia":[{"embeddable":true,"href":"http:\/\/www.bildung.pl\/de\/wp-json\/wp\/v2\/media\/1774"}],"wp:attachment":[{"href":"http:\/\/www.bildung.pl\/de\/wp-json\/wp\/v2\/media?parent=1751"}],"wp:term":[{"taxonomy":"category","embeddable":true,"href":"http:\/\/www.bildung.pl\/de\/wp-json\/wp\/v2\/categories?post=1751"},{"taxonomy":"post_tag","embeddable":true,"href":"http:\/\/www.bildung.pl\/de\/wp-json\/wp\/v2\/tags?post=1751"}],"curies":[{"name":"wp","href":"https:\/\/api.w.org\/{rel}","templated":true}]}}