{"id":1417,"date":"2020-06-16T07:47:06","date_gmt":"2020-06-16T05:47:06","guid":{"rendered":"http:\/\/www.bildung.pl\/?p=1417"},"modified":"2020-06-15T15:02:45","modified_gmt":"2020-06-15T13:02:45","slug":"internationale-fortbildungsveranstaltung-fuer-deutschlehrkraefte-aus-der-deutschen-minderheit","status":"publish","type":"post","link":"http:\/\/www.bildung.pl\/de\/2020\/06\/16\/internationale-fortbildungsveranstaltung-fuer-deutschlehrkraefte-aus-der-deutschen-minderheit\/","title":{"rendered":"Internationale Fortbildungsveranstaltung f\u00fcr Deutschlehrkr\u00e4fte aus der deutschen Minderheit"},"content":{"rendered":"<p><\/p>\n<h3><strong>Einladung des Goethe-Instituts Budapest!<\/strong><\/h3>\n<p>Auch in diesem Jahr findet diese internationale Fortbildungsveranstaltung f\u00fcr Deutschlehrkr\u00e4fte aus den Gebieten der deutschen Minderheit in 13 L\u00e4ndern statt \u2013 allerdings Online.<\/p>\n<p>Wir haben 2 Pl\u00e4tze f\u00fcr Teilnehmer*innen der deutschen Minderheit in Polen reserviert, die an der Online-Woche teilnehmen k\u00f6nnten. Die Teilnahme ist kostenlos.<\/p>\n<p>Interessenten k\u00f6nnen sich melden mit Name und Vorname; Name und Anschrift der Schule oder einer anderen Bildungseinrichtung, in der die Person t\u00e4tig ist; E-Mail-Adresse und Telefonnummer an <strong>dbg@bildung.pl <\/strong>bis <strong>18.06.2020.<\/strong><\/p>\n<h3><strong>Weitere Informationen und das Programm:<\/strong><\/h3>\n<p><strong><br \/>\nZielgruppe:<\/strong><\/p>\n<p>Wir erwarten Lehrer*innen aus allen Schultypen, die sich gern mit der Methodik und Didaktik von Deutsch als Minderheitensprache auseinandersetzen.<\/p>\n<p>Wir gehen von 30 Teilnehmenden aus 13 L\u00e4ndern aus.<\/p>\n<p><strong>Kurstermine:<\/strong><\/p>\n<p>Der Kurs findet an 5 Wochentagen vom 20.07. bis zum 24.07.2020 zu t\u00e4glich 8 Unterrichtseinheiten statt und umfasst insgesamt 40 Unterrichtseinheiten.<\/p>\n<p>Wir bieten unsere Fortbildung als Online-live-Sitzung mit 6 UE + 2 UE selbst\u00e4ndige Arbeit an und planen t\u00e4glich um 9:00 Uhr MEZ anzufangen.<\/p>\n<p><span style=\"color: #0000ff;\"><strong>Programm:<\/strong><\/span><\/p>\n<p><a href=\"http:\/\/www.bildung.pl\/wp-content\/uploads\/2020\/06\/Vorl\u00e4ufiges-Programm_GI-Budapest.pdf\"><span style=\"color: #0000ff;\">Vorl\u00e4ufiges Programm_GI Budapest0<\/span><\/a><\/p>\n<p><strong>Technische Voraussetzungen: <\/strong><\/p>\n<p>Zur Teilnahme an unserer Veranstaltung im digitalen 3D-Fortbildungshaus ben\u00f6tigen die Teilnehmer*innen eine leistungsstarke und stabile Internetverbindung. F\u00fcr die sp\u00e4tere Installierung einer lokalen Software sind folgende Systemvoraussetzungen erforderlich:<\/p>\n<ul>\n<li>Betriebssysteme ab Windows 7<\/li>\n<li>Hardware: Prozessor ab 2 GHz Dual Core<\/li>\n<li>4 GB Arbeitsspeicher<\/li>\n<li>Grafikkarte mit DirectX 9-Unterst\u00fctzung<\/li>\n<li>2 GB freier Festplattenspeicher<\/li>\n<li>Soundkarte, Maus (ein Touchpad oder Tastfeld kann die Benutzung erheblich erschweren), Headset<\/li>\n<\/ul>\n<p>Die Firewall darf die Anwendung nicht blockieren. Die TCP-Ports 80 (http) und 443 (https) m\u00fcssen freigeschaltet sein. Wir bitten diese Bedingungen besonders zu beachten!<\/p>","protected":false},"excerpt":{"rendered":"<p>Einladung des Goethe-Instituts Budapest! Auch in diesem Jahr findet diese internationale Fortbildungsveranstaltung f\u00fcr Deutschlehrkr\u00e4fte aus den Gebieten der deutschen Minderheit in 13 L\u00e4ndern statt \u2013 allerdings Online. Wir haben 2 Pl\u00e4tze f\u00fcr Teilnehmer*innen der deutschen Minderheit in Polen reserviert, die an der Online-Woche teilnehmen k\u00f6nnten. Die Teilnahme ist kostenlos. Interessenten k\u00f6nnen sich melden mit Name [&hellip;]<\/p>\n","protected":false},"author":2,"featured_media":1421,"comment_status":"closed","ping_status":"closed","sticky":false,"template":"","format":"standard","meta":{"_expiration-date-status":"saved","_expiration-date":0,"_expiration-date-type":"","_expiration-date-categories":[],"_expiration-date-options":[]},"categories":[1],"tags":[],"_links":{"self":[{"href":"http:\/\/www.bildung.pl\/de\/wp-json\/wp\/v2\/posts\/1417"}],"collection":[{"href":"http:\/\/www.bildung.pl\/de\/wp-json\/wp\/v2\/posts"}],"about":[{"href":"http:\/\/www.bildung.pl\/de\/wp-json\/wp\/v2\/types\/post"}],"author":[{"embeddable":true,"href":"http:\/\/www.bildung.pl\/de\/wp-json\/wp\/v2\/users\/2"}],"replies":[{"embeddable":true,"href":"http:\/\/www.bildung.pl\/de\/wp-json\/wp\/v2\/comments?post=1417"}],"version-history":[{"count":4,"href":"http:\/\/www.bildung.pl\/de\/wp-json\/wp\/v2\/posts\/1417\/revisions"}],"predecessor-version":[{"id":1423,"href":"http:\/\/www.bildung.pl\/de\/wp-json\/wp\/v2\/posts\/1417\/revisions\/1423"}],"wp:featuredmedia":[{"embeddable":true,"href":"http:\/\/www.bildung.pl\/de\/wp-json\/wp\/v2\/media\/1421"}],"wp:attachment":[{"href":"http:\/\/www.bildung.pl\/de\/wp-json\/wp\/v2\/media?parent=1417"}],"wp:term":[{"taxonomy":"category","embeddable":true,"href":"http:\/\/www.bildung.pl\/de\/wp-json\/wp\/v2\/categories?post=1417"},{"taxonomy":"post_tag","embeddable":true,"href":"http:\/\/www.bildung.pl\/de\/wp-json\/wp\/v2\/tags?post=1417"}],"curies":[{"name":"wp","href":"https:\/\/api.w.org\/{rel}","templated":true}]}}