{"id":1279,"date":"2020-05-06T18:25:17","date_gmt":"2020-05-06T16:25:17","guid":{"rendered":"http:\/\/www.bildung.pl\/?p=1279"},"modified":"2020-05-07T09:26:54","modified_gmt":"2020-05-07T07:26:54","slug":"aktualnie-poszukujemy-osoby-na-stanowisko-pracownik-biurowy-stanowisko-pracownik-biurowy-asystent-ka","status":"publish","type":"post","link":"http:\/\/www.bildung.pl\/de\/2020\/05\/06\/aktualnie-poszukujemy-osoby-na-stanowisko-pracownik-biurowy-stanowisko-pracownik-biurowy-asystent-ka\/","title":{"rendered":"Stellenausschreibung B\u00dcRO MITARBEITER\/IN \/ ASSISTENT\/IN \u00a0"},"content":{"rendered":"<p>Das Projekt &#8222;LernRAUM.pl&#8220; startet bei der Deutschen Bildungsgesellschaft. Das Hauptziel des Projekts ist es, die Sprachkenntnisse der Projektteilnehmer zu verbessern und sie zu motivieren, jeden Tag Deutsch zu sprechen. Das Projekt &#8222;LernRAUM.pl&#8220; ist ein landesweites Projekt und die erste derartige Initiative der deutschen Minderheit. M\u00f6chtest Du zu einem v\u00f6llig neuen Projekt mit einem reichhaltigen Sprachangebot beitragen? M\u00f6chtest Du deine Leidenschaften bei uns entwickeln? Bewirb Dich schon heute!<\/p>\n<p><strong>Wir suchen derzeit einen B\u00fcroangestellten<\/strong><\/p>\n<p><strong>Stelle B\u00dcRO MITARBEITER\/IN \/ ASSISTENT\/IN \u00a0<\/strong><\/p>\n<p>Was Sie mitbringen sollten:<\/p>\n<ul>\n<li>Sehr gute Deutsch Kenntnisse in Rede und Schrift<\/li>\n<li>Sehr gute Computerkenntnisse (MS Office)<\/li>\n<li>Sehr gute Arbeitsorganisation;<\/li>\n<li>Hochschulbildung<\/li>\n<li>F\u00fchrerschein der Klasse B<\/li>\n<li>Berufserfahrung auf einer \u00e4hnlichen Stelle,<\/li>\n<li>Verantwortung, Unabh\u00e4ngigkeit, Kommunikationsf\u00e4higkeit und hohe pers\u00f6nliche Kultur.<\/li>\n<\/ul>\n<p>Was Sie erwartet?<\/p>\n<ul>\n<li>Unterst\u00fctzung des Projektkoordinator, unter anderem: Kalenderverwaltung, Organisation von Gesch\u00e4ftsreisen, Organisation externer und interner Besprechungen, Dokumentation, Archivierung)<\/li>\n<li>Mitorganisation und Planung von Schulungen, Workshops, Vortr\u00e4gen<\/li>\n<li>\u00dcberwachung und Aktualisierung interner Datenbanken, Erstellung von Anweisungen,<\/li>\n<li>Zusammenarbeit mit Partnern.<\/li>\n<\/ul>\n<p>Was wir Ihnen bieten?<\/p>\n<ul>\n<li>Arbeitsvertrag (Vollzeit);<\/li>\n<li>Unterst\u00fctzung durch Mitarbeiter der Organisation<\/li>\n<li>Eigener Arbeitsplatz<\/li>\n<li>Spannende und vielseitige Aufgaben und Projekte, bei denen Sie eigenst\u00e4ndig sehr viel mitgestalten und ver\u00e4ndern k\u00f6nnen<\/li>\n<\/ul>\n<p><strong>Bitte senden Sie Ihren Lebenslauf bis zum 13.05.2020 an die E-Mail Adresse joanna.hassa@lernraum.pl<\/strong><\/p>\n<p>Download: <a href=\"http:\/\/www.bildung.pl\/wp-content\/uploads\/2020\/05\/Ausschreibung_B\u00fcromitarbeiter_in__Assistent_in-gesucht_LernRAUM.pdf\">Ausschreibung_B\u00fcromitarbeiter_in__Assistent_in gesucht_LernRAUM<\/a><strong><br \/>\n<\/strong><\/p>","protected":false},"excerpt":{"rendered":"<p>Das Projekt &#8222;LernRAUM.pl&#8220; startet bei der Deutschen Bildungsgesellschaft. Das Hauptziel des Projekts ist es, die Sprachkenntnisse der Projektteilnehmer zu verbessern und sie zu motivieren, jeden Tag Deutsch zu sprechen. Das Projekt &#8222;LernRAUM.pl&#8220; ist ein landesweites Projekt und die erste derartige Initiative der deutschen Minderheit. M\u00f6chtest Du zu einem v\u00f6llig neuen Projekt mit einem reichhaltigen Sprachangebot [&hellip;]<\/p>\n","protected":false},"author":2,"featured_media":1284,"comment_status":"closed","ping_status":"closed","sticky":false,"template":"","format":"standard","meta":{"_expiration-date-status":"saved","_expiration-date":0,"_expiration-date-type":"","_expiration-date-categories":[],"_expiration-date-options":[]},"categories":[1],"tags":[],"_links":{"self":[{"href":"http:\/\/www.bildung.pl\/de\/wp-json\/wp\/v2\/posts\/1279"}],"collection":[{"href":"http:\/\/www.bildung.pl\/de\/wp-json\/wp\/v2\/posts"}],"about":[{"href":"http:\/\/www.bildung.pl\/de\/wp-json\/wp\/v2\/types\/post"}],"author":[{"embeddable":true,"href":"http:\/\/www.bildung.pl\/de\/wp-json\/wp\/v2\/users\/2"}],"replies":[{"embeddable":true,"href":"http:\/\/www.bildung.pl\/de\/wp-json\/wp\/v2\/comments?post=1279"}],"version-history":[{"count":4,"href":"http:\/\/www.bildung.pl\/de\/wp-json\/wp\/v2\/posts\/1279\/revisions"}],"predecessor-version":[{"id":1285,"href":"http:\/\/www.bildung.pl\/de\/wp-json\/wp\/v2\/posts\/1279\/revisions\/1285"}],"wp:featuredmedia":[{"embeddable":true,"href":"http:\/\/www.bildung.pl\/de\/wp-json\/wp\/v2\/media\/1284"}],"wp:attachment":[{"href":"http:\/\/www.bildung.pl\/de\/wp-json\/wp\/v2\/media?parent=1279"}],"wp:term":[{"taxonomy":"category","embeddable":true,"href":"http:\/\/www.bildung.pl\/de\/wp-json\/wp\/v2\/categories?post=1279"},{"taxonomy":"post_tag","embeddable":true,"href":"http:\/\/www.bildung.pl\/de\/wp-json\/wp\/v2\/tags?post=1279"}],"curies":[{"name":"wp","href":"https:\/\/api.w.org\/{rel}","templated":true}]}}